{"id":1073,"date":"2010-04-22T21:35:07","date_gmt":"2010-04-22T19:35:07","guid":{"rendered":"http:\/\/www.web-3-null.de\/?p=1073"},"modified":"2010-04-22T21:35:07","modified_gmt":"2010-04-22T19:35:07","slug":"meditationsferien-da-gibt-jemand-mit-keywords-an","status":"publish","type":"post","link":"https:\/\/www.web-3-null.de\/index.php\/meditationsferien-da-gibt-jemand-mit-keywords-an\/","title":{"rendered":"Meditationsferien &#8211; da gibt jemand mit Keywords an"},"content":{"rendered":"<p>Gut, ich gestehe zu, dass ich eher etwas mit Ferien verbinden kann als mit Meditation. Trotzdem gibt wieder jemand in Xing an, dass er das Keyword <strong>Meditationsferien<\/strong> sehr gut in Google positioniert hat. Naja. Das w\u00fcrde ich nie \u00f6ffentlich machen, da jetzt die eventuelle Konkurrenz einen wundersch\u00f6nen Aufh\u00e4nger hat, den Auftraggeber des Keywords Meditationsferien auseinander zu nehmen.<\/p>\n<p>Meine Meinung:<\/p>\n<p>Das ist dann gleich in mehreren Punkten \u00e4rgerlich. Zum einen, weil wieder einmal dem geneigten Publikum vorgespielt wurde, wie ach so einfach exotische Begriffe (wer zur H\u00f6lle sucht Meditationsferien?) in Google nach vorne geschoben werden k\u00f6nnen. Ob mit derartigen Wortsch\u00f6pfungen Umsatz zu machen ist, wei\u00df icht nicht. Aber es ist wieder mal ein Griff in die Trickkiste, um tralitrala potentiellen Kunden das Geld aus der Tasche zu ziehen. Positiv ist lediglich hervorzuheben, dass die auf Erfolgsbasis arbeiten. Trotzdem w\u00fcrde ich mir als Auftraggeber sehr genau \u00fcberlegen, mit welchen Begriffen ich vorne in Google mitspielen m\u00f6chte. Es ist, glaube ich, auch bei Meditationsferien kaum ein hochvolumiger Markt da, eher bei Lastminute, Pauschalreisen oder dergleichen.<\/p>\n<p>Gut, wenn es eben f\u00fcr Randgruppen des gro\u00dfen Internetmarkts taugt, kann man es eventuell so machen. Das geht aber sp\u00e4testens dann in die Hose, wenn einigerma\u00dfen gesuchte und damit umk\u00e4mpfte Begriffe in die Top 10 geschoben werden sollen. Da n\u00fctzen einem auch Meditationsferien nicht &#8211; da braucht man ganz andere Mittel.<\/p>\n<div class=\"shariff shariff-align-left shariff-widget-align-left\"><ul class=\"shariff-buttons theme-default orientation-horizontal buttonsize-medium\"><li class=\"shariff-button facebook shariff-nocustomcolor\" style=\"background-color:#4273c8\"><a href=\"https:\/\/www.facebook.com\/sharer\/sharer.php?u=https%3A%2F%2Fwww.web-3-null.de%2Findex.php%2Fmeditationsferien-da-gibt-jemand-mit-keywords-an%2F\" title=\"Bei Facebook teilen\" aria-label=\"Bei Facebook teilen\" role=\"button\" rel=\"nofollow\" class=\"shariff-link\" style=\"; background-color:#3b5998; color:#fff\" target=\"_blank\"><span class=\"shariff-icon\" style=\"\"><svg width=\"32px\" height=\"20px\" xmlns=\"http:\/\/www.w3.org\/2000\/svg\" viewBox=\"0 0 18 32\"><path fill=\"#3b5998\" d=\"M17.1 0.2v4.7h-2.8q-1.5 0-2.1 0.6t-0.5 1.9v3.4h5.2l-0.7 5.3h-4.5v13.6h-5.5v-13.6h-4.5v-5.3h4.5v-3.9q0-3.3 1.9-5.2t5-1.8q2.6 0 4.1 0.2z\"\/><\/svg><\/span><span class=\"shariff-text\">teilen<\/span>&nbsp;<\/a><\/li><li class=\"shariff-button twitter shariff-nocustomcolor\" style=\"background-color:#595959\"><a href=\"https:\/\/twitter.com\/share?url=https%3A%2F%2Fwww.web-3-null.de%2Findex.php%2Fmeditationsferien-da-gibt-jemand-mit-keywords-an%2F&text=Meditationsferien%20%E2%80%93%20da%20gibt%20jemand%20mit%20Keywords%20an\" title=\"Bei X teilen\" aria-label=\"Bei X teilen\" role=\"button\" rel=\"noopener nofollow\" class=\"shariff-link\" style=\"; background-color:#000; color:#fff\" target=\"_blank\"><span class=\"shariff-icon\" style=\"\"><svg width=\"32px\" height=\"20px\" xmlns=\"http:\/\/www.w3.org\/2000\/svg\" viewBox=\"0 0 24 24\"><path fill=\"#000\" d=\"M14.258 10.152L23.176 0h-2.113l-7.747 8.813L7.133 0H0l9.352 13.328L0 23.973h2.113l8.176-9.309 6.531 9.309h7.133zm-2.895 3.293l-.949-1.328L2.875 1.56h3.246l6.086 8.523.945 1.328 7.91 11.078h-3.246zm0 0\"\/><\/svg><\/span><span class=\"shariff-text\">teilen<\/span>&nbsp;<\/a><\/li><li class=\"shariff-button whatsapp shariff-nocustomcolor\" style=\"background-color:#5cbe4a\"><a href=\"https:\/\/api.whatsapp.com\/send?text=https%3A%2F%2Fwww.web-3-null.de%2Findex.php%2Fmeditationsferien-da-gibt-jemand-mit-keywords-an%2F%20Meditationsferien%20%E2%80%93%20da%20gibt%20jemand%20mit%20Keywords%20an\" title=\"Bei Whatsapp teilen\" aria-label=\"Bei Whatsapp teilen\" role=\"button\" rel=\"noopener nofollow\" class=\"shariff-link\" style=\"; background-color:#34af23; color:#fff\" target=\"_blank\"><span class=\"shariff-icon\" style=\"\"><svg width=\"32px\" height=\"20px\" xmlns=\"http:\/\/www.w3.org\/2000\/svg\" viewBox=\"0 0 32 32\"><path fill=\"#34af23\" d=\"M17.6 17.4q0.2 0 1.7 0.8t1.6 0.9q0 0.1 0 0.3 0 0.6-0.3 1.4-0.3 0.7-1.3 1.2t-1.8 0.5q-1 0-3.4-1.1-1.7-0.8-3-2.1t-2.6-3.3q-1.3-1.9-1.3-3.5v-0.1q0.1-1.6 1.3-2.8 0.4-0.4 0.9-0.4 0.1 0 0.3 0t0.3 0q0.3 0 0.5 0.1t0.3 0.5q0.1 0.4 0.6 1.6t0.4 1.3q0 0.4-0.6 1t-0.6 0.8q0 0.1 0.1 0.3 0.6 1.3 1.8 2.4 1 0.9 2.7 1.8 0.2 0.1 0.4 0.1 0.3 0 1-0.9t0.9-0.9zM14 26.9q2.3 0 4.3-0.9t3.6-2.4 2.4-3.6 0.9-4.3-0.9-4.3-2.4-3.6-3.6-2.4-4.3-0.9-4.3 0.9-3.6 2.4-2.4 3.6-0.9 4.3q0 3.6 2.1 6.6l-1.4 4.2 4.3-1.4q2.8 1.9 6.2 1.9zM14 2.2q2.7 0 5.2 1.1t4.3 2.9 2.9 4.3 1.1 5.2-1.1 5.2-2.9 4.3-4.3 2.9-5.2 1.1q-3.5 0-6.5-1.7l-7.4 2.4 2.4-7.2q-1.9-3.2-1.9-6.9 0-2.7 1.1-5.2t2.9-4.3 4.3-2.9 5.2-1.1z\"\/><\/svg><\/span><span class=\"shariff-text\">teilen<\/span>&nbsp;<\/a><\/li><li class=\"shariff-button linkedin shariff-nocustomcolor\" style=\"background-color:#1488bf\"><a href=\"https:\/\/www.linkedin.com\/sharing\/share-offsite\/?url=https%3A%2F%2Fwww.web-3-null.de%2Findex.php%2Fmeditationsferien-da-gibt-jemand-mit-keywords-an%2F\" title=\"Bei LinkedIn teilen\" aria-label=\"Bei LinkedIn teilen\" role=\"button\" rel=\"noopener nofollow\" class=\"shariff-link\" style=\"; background-color:#0077b5; color:#fff\" target=\"_blank\"><span class=\"shariff-icon\" style=\"\"><svg width=\"32px\" height=\"20px\" xmlns=\"http:\/\/www.w3.org\/2000\/svg\" viewBox=\"0 0 27 32\"><path fill=\"#0077b5\" d=\"M6.2 11.2v17.7h-5.9v-17.7h5.9zM6.6 5.7q0 1.3-0.9 2.2t-2.4 0.9h0q-1.5 0-2.4-0.9t-0.9-2.2 0.9-2.2 2.4-0.9 2.4 0.9 0.9 2.2zM27.4 18.7v10.1h-5.9v-9.5q0-1.9-0.7-2.9t-2.3-1.1q-1.1 0-1.9 0.6t-1.2 1.5q-0.2 0.5-0.2 1.4v9.9h-5.9q0-7.1 0-11.6t0-5.3l0-0.9h5.9v2.6h0q0.4-0.6 0.7-1t1-0.9 1.6-0.8 2-0.3q3 0 4.9 2t1.9 6z\"\/><\/svg><\/span><span class=\"shariff-text\">teilen<\/span>&nbsp;<\/a><\/li><\/ul><\/div>","protected":false},"excerpt":{"rendered":"<p>Jemand gibt auf Xing an, er habe mit dem Wort Meditationsferien gute Ergebnisse im Google-Ranking. Meditationsferien? Wie oft wird das denn gesucht?<\/p>\n","protected":false},"author":2,"featured_media":0,"comment_status":"open","ping_status":"open","sticky":false,"template":"","format":"standard","meta":{"_monsterinsights_skip_tracking":false,"footnotes":""},"categories":[1],"tags":[],"class_list":["post-1073","post","type-post","status-publish","format-standard","hentry","category-allgemein"],"aioseo_notices":[],"aioseo_head":"\n\t\t<!-- All in One SEO 5.0.1 - aioseo.com -->\n\t<meta name=\"description\" content=\"Jemand gibt auf Xing an, er habe mit dem Wort Meditationsferien gute Ergebnisse im Google-Ranking. Meditationsferien? Wie oft wird das denn gesucht?\" \/>\n\t<meta name=\"robots\" content=\"max-image-preview:large\" \/>\n\t<meta name=\"author\" content=\"Georg Grohs Online Marketing\"\/>\n\t<meta name=\"google-site-verification\" content=\"mZwpNWpN1paSAtYbBBPjMOLFPiuzHD7o_VvNc5N4wUw\" \/>\n\t<link rel=\"canonical\" href=\"https:\/\/www.web-3-null.de\/index.php\/meditationsferien-da-gibt-jemand-mit-keywords-an\/\" \/>\n\t<meta name=\"generator\" content=\"All in One SEO (AIOSEO) 5.0.1\" \/>\n\t\t<meta property=\"og:locale\" content=\"de_DE\" \/>\n\t\t<meta property=\"og:site_name\" content=\"Web 3.0 | Next Generation Marketing - Online Marketing Experten und Gel\u00e4ster\" \/>\n\t\t<meta property=\"og:type\" content=\"article\" \/>\n\t\t<meta property=\"og:title\" content=\"Meditationsferien \u2013 da gibt jemand mit Keywords an | Web 3.0\" \/>\n\t\t<meta property=\"og:description\" content=\"Jemand gibt auf Xing an, er habe mit dem Wort Meditationsferien gute Ergebnisse im Google-Ranking. Meditationsferien? Wie oft wird das denn gesucht?\" \/>\n\t\t<meta property=\"og:url\" content=\"https:\/\/www.web-3-null.de\/index.php\/meditationsferien-da-gibt-jemand-mit-keywords-an\/\" \/>\n\t\t<meta property=\"article:published_time\" content=\"2010-04-22T19:35:07+00:00\" \/>\n\t\t<meta property=\"article:modified_time\" content=\"2010-04-22T19:35:07+00:00\" \/>\n\t\t<meta name=\"twitter:card\" content=\"summary\" \/>\n\t\t<meta name=\"twitter:title\" content=\"Meditationsferien \u2013 da gibt jemand mit Keywords an | Web 3.0\" \/>\n\t\t<meta name=\"twitter:description\" content=\"Jemand gibt auf Xing an, er habe mit dem Wort Meditationsferien gute Ergebnisse im Google-Ranking. Meditationsferien? Wie oft wird das denn gesucht?\" \/>\n\t\t<script type=\"application\/ld+json\" class=\"aioseo-schema\">\n\t\t\t{\"@context\":\"https:\\\/\\\/schema.org\",\"@graph\":[{\"@type\":\"Article\",\"@id\":\"https:\\\/\\\/www.web-3-null.de\\\/index.php\\\/meditationsferien-da-gibt-jemand-mit-keywords-an\\\/#article\",\"name\":\"Meditationsferien \\u2013 da gibt jemand mit Keywords an | Web 3.0\",\"headline\":\"Meditationsferien &#8211; da gibt jemand mit Keywords an\",\"author\":{\"@id\":\"https:\\\/\\\/www.web-3-null.de\\\/index.php\\\/author\\\/gg\\\/#author\"},\"publisher\":{\"@id\":\"https:\\\/\\\/www.web-3-null.de\\\/#organization\"},\"datePublished\":\"2010-04-22T21:35:07+02:00\",\"dateModified\":\"2010-04-22T21:35:07+02:00\",\"inLanguage\":\"de-DE\",\"mainEntityOfPage\":{\"@id\":\"https:\\\/\\\/www.web-3-null.de\\\/index.php\\\/meditationsferien-da-gibt-jemand-mit-keywords-an\\\/#webpage\"},\"isPartOf\":{\"@id\":\"https:\\\/\\\/www.web-3-null.de\\\/index.php\\\/meditationsferien-da-gibt-jemand-mit-keywords-an\\\/#webpage\"},\"articleSection\":\"Aktuelles\"},{\"@type\":\"BreadcrumbList\",\"@id\":\"https:\\\/\\\/www.web-3-null.de\\\/index.php\\\/meditationsferien-da-gibt-jemand-mit-keywords-an\\\/#breadcrumblist\",\"itemListElement\":[{\"@type\":\"ListItem\",\"@id\":\"https:\\\/\\\/www.web-3-null.de#listItem\",\"position\":1,\"name\":\"Home\",\"item\":\"https:\\\/\\\/www.web-3-null.de\",\"nextItem\":{\"@type\":\"ListItem\",\"@id\":\"https:\\\/\\\/www.web-3-null.de\\\/index.php\\\/category\\\/allgemein\\\/#listItem\",\"name\":\"Aktuelles\"}},{\"@type\":\"ListItem\",\"@id\":\"https:\\\/\\\/www.web-3-null.de\\\/index.php\\\/category\\\/allgemein\\\/#listItem\",\"position\":2,\"name\":\"Aktuelles\",\"item\":\"https:\\\/\\\/www.web-3-null.de\\\/index.php\\\/category\\\/allgemein\\\/\",\"nextItem\":{\"@type\":\"ListItem\",\"@id\":\"https:\\\/\\\/www.web-3-null.de\\\/index.php\\\/meditationsferien-da-gibt-jemand-mit-keywords-an\\\/#listItem\",\"name\":\"Meditationsferien &#8211; da gibt jemand mit Keywords an\"},\"previousItem\":{\"@type\":\"ListItem\",\"@id\":\"https:\\\/\\\/www.web-3-null.de#listItem\",\"name\":\"Home\"}},{\"@type\":\"ListItem\",\"@id\":\"https:\\\/\\\/www.web-3-null.de\\\/index.php\\\/meditationsferien-da-gibt-jemand-mit-keywords-an\\\/#listItem\",\"position\":3,\"name\":\"Meditationsferien &#8211; da gibt jemand mit Keywords an\",\"previousItem\":{\"@type\":\"ListItem\",\"@id\":\"https:\\\/\\\/www.web-3-null.de\\\/index.php\\\/category\\\/allgemein\\\/#listItem\",\"name\":\"Aktuelles\"}}]},{\"@type\":\"Organization\",\"@id\":\"https:\\\/\\\/www.web-3-null.de\\\/#organization\",\"name\":\"Web 3.0\",\"description\":\"Next Generation Marketing - Online Marketing Experten und Gel\\u00e4ster\",\"url\":\"https:\\\/\\\/www.web-3-null.de\\\/\"},{\"@type\":\"Person\",\"@id\":\"https:\\\/\\\/www.web-3-null.de\\\/index.php\\\/author\\\/gg\\\/#author\",\"url\":\"https:\\\/\\\/www.web-3-null.de\\\/index.php\\\/author\\\/gg\\\/\",\"name\":\"Georg Grohs Online Marketing\",\"image\":{\"@type\":\"ImageObject\",\"@id\":\"https:\\\/\\\/www.web-3-null.de\\\/index.php\\\/meditationsferien-da-gibt-jemand-mit-keywords-an\\\/#authorImage\",\"url\":\"https:\\\/\\\/secure.gravatar.com\\\/avatar\\\/8a96e9002a71190251ef8cb0d22b62c79ec744847ee70c213fe10115089dde67?s=96&d=mm&r=g\",\"width\":96,\"height\":96,\"caption\":\"Georg Grohs Online Marketing\"}},{\"@type\":\"WebPage\",\"@id\":\"https:\\\/\\\/www.web-3-null.de\\\/index.php\\\/meditationsferien-da-gibt-jemand-mit-keywords-an\\\/#webpage\",\"url\":\"https:\\\/\\\/www.web-3-null.de\\\/index.php\\\/meditationsferien-da-gibt-jemand-mit-keywords-an\\\/\",\"name\":\"Meditationsferien \\u2013 da gibt jemand mit Keywords an | Web 3.0\",\"description\":\"Jemand gibt auf Xing an, er habe mit dem Wort Meditationsferien gute Ergebnisse im Google-Ranking. Meditationsferien? Wie oft wird das denn gesucht?\",\"inLanguage\":\"de-DE\",\"isPartOf\":{\"@id\":\"https:\\\/\\\/www.web-3-null.de\\\/#website\"},\"breadcrumb\":{\"@id\":\"https:\\\/\\\/www.web-3-null.de\\\/index.php\\\/meditationsferien-da-gibt-jemand-mit-keywords-an\\\/#breadcrumblist\"},\"author\":{\"@id\":\"https:\\\/\\\/www.web-3-null.de\\\/index.php\\\/author\\\/gg\\\/#author\"},\"creator\":{\"@id\":\"https:\\\/\\\/www.web-3-null.de\\\/index.php\\\/author\\\/gg\\\/#author\"},\"datePublished\":\"2010-04-22T21:35:07+02:00\",\"dateModified\":\"2010-04-22T21:35:07+02:00\"},{\"@type\":\"WebSite\",\"@id\":\"https:\\\/\\\/www.web-3-null.de\\\/#website\",\"url\":\"https:\\\/\\\/www.web-3-null.de\\\/\",\"name\":\"Web 3.0\",\"description\":\"Next Generation Marketing - Online Marketing Experten und Gel\\u00e4ster\",\"inLanguage\":\"de-DE\",\"publisher\":{\"@id\":\"https:\\\/\\\/www.web-3-null.de\\\/#organization\"}}]}\n\t\t<\/script>\n\t\t<!-- All in One SEO -->\n\n","aioseo_head_json":{"title":"Meditationsferien \u2013 da gibt jemand mit Keywords an | Web 3.0","description":"Jemand gibt auf Xing an, er habe mit dem Wort Meditationsferien gute Ergebnisse im Google-Ranking. Meditationsferien? Wie oft wird das denn gesucht?","canonical_url":"https:\/\/www.web-3-null.de\/index.php\/meditationsferien-da-gibt-jemand-mit-keywords-an\/","robots":"max-image-preview:large","keywords":"","webmasterTools":{"google-site-verification":"mZwpNWpN1paSAtYbBBPjMOLFPiuzHD7o_VvNc5N4wUw","miscellaneous":""},"schema":{"@context":"https:\/\/schema.org","@graph":[{"@type":"Article","@id":"https:\/\/www.web-3-null.de\/index.php\/meditationsferien-da-gibt-jemand-mit-keywords-an\/#article","name":"Meditationsferien \u2013 da gibt jemand mit Keywords an | Web 3.0","headline":"Meditationsferien &#8211; da gibt jemand mit Keywords an","author":{"@id":"https:\/\/www.web-3-null.de\/index.php\/author\/gg\/#author"},"publisher":{"@id":"https:\/\/www.web-3-null.de\/#organization"},"datePublished":"2010-04-22T21:35:07+02:00","dateModified":"2010-04-22T21:35:07+02:00","inLanguage":"de-DE","mainEntityOfPage":{"@id":"https:\/\/www.web-3-null.de\/index.php\/meditationsferien-da-gibt-jemand-mit-keywords-an\/#webpage"},"isPartOf":{"@id":"https:\/\/www.web-3-null.de\/index.php\/meditationsferien-da-gibt-jemand-mit-keywords-an\/#webpage"},"articleSection":"Aktuelles"},{"@type":"BreadcrumbList","@id":"https:\/\/www.web-3-null.de\/index.php\/meditationsferien-da-gibt-jemand-mit-keywords-an\/#breadcrumblist","itemListElement":[{"@type":"ListItem","@id":"https:\/\/www.web-3-null.de#listItem","position":1,"name":"Home","item":"https:\/\/www.web-3-null.de","nextItem":{"@type":"ListItem","@id":"https:\/\/www.web-3-null.de\/index.php\/category\/allgemein\/#listItem","name":"Aktuelles"}},{"@type":"ListItem","@id":"https:\/\/www.web-3-null.de\/index.php\/category\/allgemein\/#listItem","position":2,"name":"Aktuelles","item":"https:\/\/www.web-3-null.de\/index.php\/category\/allgemein\/","nextItem":{"@type":"ListItem","@id":"https:\/\/www.web-3-null.de\/index.php\/meditationsferien-da-gibt-jemand-mit-keywords-an\/#listItem","name":"Meditationsferien &#8211; da gibt jemand mit Keywords an"},"previousItem":{"@type":"ListItem","@id":"https:\/\/www.web-3-null.de#listItem","name":"Home"}},{"@type":"ListItem","@id":"https:\/\/www.web-3-null.de\/index.php\/meditationsferien-da-gibt-jemand-mit-keywords-an\/#listItem","position":3,"name":"Meditationsferien &#8211; da gibt jemand mit Keywords an","previousItem":{"@type":"ListItem","@id":"https:\/\/www.web-3-null.de\/index.php\/category\/allgemein\/#listItem","name":"Aktuelles"}}]},{"@type":"Organization","@id":"https:\/\/www.web-3-null.de\/#organization","name":"Web 3.0","description":"Next Generation Marketing - Online Marketing Experten und Gel\u00e4ster","url":"https:\/\/www.web-3-null.de\/"},{"@type":"Person","@id":"https:\/\/www.web-3-null.de\/index.php\/author\/gg\/#author","url":"https:\/\/www.web-3-null.de\/index.php\/author\/gg\/","name":"Georg Grohs Online Marketing","image":{"@type":"ImageObject","@id":"https:\/\/www.web-3-null.de\/index.php\/meditationsferien-da-gibt-jemand-mit-keywords-an\/#authorImage","url":"https:\/\/secure.gravatar.com\/avatar\/8a96e9002a71190251ef8cb0d22b62c79ec744847ee70c213fe10115089dde67?s=96&d=mm&r=g","width":96,"height":96,"caption":"Georg Grohs Online Marketing"}},{"@type":"WebPage","@id":"https:\/\/www.web-3-null.de\/index.php\/meditationsferien-da-gibt-jemand-mit-keywords-an\/#webpage","url":"https:\/\/www.web-3-null.de\/index.php\/meditationsferien-da-gibt-jemand-mit-keywords-an\/","name":"Meditationsferien \u2013 da gibt jemand mit Keywords an | Web 3.0","description":"Jemand gibt auf Xing an, er habe mit dem Wort Meditationsferien gute Ergebnisse im Google-Ranking. Meditationsferien? Wie oft wird das denn gesucht?","inLanguage":"de-DE","isPartOf":{"@id":"https:\/\/www.web-3-null.de\/#website"},"breadcrumb":{"@id":"https:\/\/www.web-3-null.de\/index.php\/meditationsferien-da-gibt-jemand-mit-keywords-an\/#breadcrumblist"},"author":{"@id":"https:\/\/www.web-3-null.de\/index.php\/author\/gg\/#author"},"creator":{"@id":"https:\/\/www.web-3-null.de\/index.php\/author\/gg\/#author"},"datePublished":"2010-04-22T21:35:07+02:00","dateModified":"2010-04-22T21:35:07+02:00"},{"@type":"WebSite","@id":"https:\/\/www.web-3-null.de\/#website","url":"https:\/\/www.web-3-null.de\/","name":"Web 3.0","description":"Next Generation Marketing - Online Marketing Experten und Gel\u00e4ster","inLanguage":"de-DE","publisher":{"@id":"https:\/\/www.web-3-null.de\/#organization"}}]},"og:locale":"de_DE","og:site_name":"Web 3.0 | Next Generation Marketing - Online Marketing Experten und Gel\u00e4ster","og:type":"article","og:title":"Meditationsferien \u2013 da gibt jemand mit Keywords an | Web 3.0","og:description":"Jemand gibt auf Xing an, er habe mit dem Wort Meditationsferien gute Ergebnisse im Google-Ranking. Meditationsferien? Wie oft wird das denn gesucht?","og:url":"https:\/\/www.web-3-null.de\/index.php\/meditationsferien-da-gibt-jemand-mit-keywords-an\/","article:published_time":"2010-04-22T19:35:07+00:00","article:modified_time":"2010-04-22T19:35:07+00:00","twitter:card":"summary","twitter:title":"Meditationsferien \u2013 da gibt jemand mit Keywords an | Web 3.0","twitter:description":"Jemand gibt auf Xing an, er habe mit dem Wort Meditationsferien gute Ergebnisse im Google-Ranking. Meditationsferien? Wie oft wird das denn gesucht?"},"aioseo_meta_data":{"post_id":"1073","title":null,"description":null,"keywords":null,"keyphrases":null,"primary_term":null,"canonical_url":null,"og_title":null,"og_description":null,"og_object_type":"default","og_image_type":"default","og_image_url":null,"og_image_width":null,"og_image_height":null,"og_image_custom_url":null,"og_image_custom_fields":null,"og_video":null,"og_custom_url":null,"og_article_section":null,"og_article_tags":null,"twitter_use_og":false,"twitter_card":"default","twitter_image_type":"default","twitter_image_url":null,"twitter_image_custom_url":null,"twitter_image_custom_fields":null,"twitter_title":null,"twitter_description":null,"schema":{"blockGraphs":[],"customGraphs":[],"default":{"data":{"Article":[],"Course":[],"Dataset":[],"FAQPage":[],"Movie":[],"Person":[],"Product":[],"ProductReview":[],"Car":[],"Recipe":[],"Service":[],"SoftwareApplication":[],"WebPage":[]},"graphName":"Article","isEnabled":true},"graphs":[]},"schema_type":null,"schema_type_options":null,"pillar_content":false,"robots_default":true,"robots_noindex":false,"robots_noarchive":false,"robots_nosnippet":false,"robots_nofollow":false,"robots_noimageindex":false,"robots_noodp":false,"robots_notranslate":false,"robots_max_snippet":null,"robots_max_videopreview":null,"robots_max_imagepreview":"large","priority":null,"frequency":null,"local_seo":null,"breadcrumb_settings":null,"limit_modified_date":false,"ai":null,"created":"2020-12-26 11:51:30","updated":"2026-02-25 08:28:57","seo_analyzer_scan_date":null,"focus_keyword":null,"additional_keywords":null,"truseo_locale":null},"aioseo_breadcrumb":"<div class=\"aioseo-breadcrumbs\"><span class=\"aioseo-breadcrumb\">\n\t\t\t<a href=\"https:\/\/www.web-3-null.de\" title=\"Home\">Home<\/a>\n\t\t<\/span><span class=\"aioseo-breadcrumb-separator\">&raquo;<\/span><span class=\"aioseo-breadcrumb\">\n\t\t\t<a href=\"https:\/\/www.web-3-null.de\/index.php\/category\/allgemein\/\" title=\"Aktuelles\">Aktuelles<\/a>\n\t\t<\/span><span class=\"aioseo-breadcrumb-separator\">&raquo;<\/span><span class=\"aioseo-breadcrumb\">\n\t\t\tMeditationsferien \u2013 da gibt jemand mit Keywords an\n\t\t<\/span><\/div>","aioseo_breadcrumb_json":[{"label":"Home","link":"https:\/\/www.web-3-null.de"},{"label":"Aktuelles","link":"https:\/\/www.web-3-null.de\/index.php\/category\/allgemein\/"},{"label":"Meditationsferien &#8211; da gibt jemand mit Keywords an","link":"https:\/\/www.web-3-null.de\/index.php\/meditationsferien-da-gibt-jemand-mit-keywords-an\/"}],"_links":{"self":[{"href":"https:\/\/www.web-3-null.de\/index.php\/wp-json\/wp\/v2\/posts\/1073","targetHints":{"allow":["GET"]}}],"collection":[{"href":"https:\/\/www.web-3-null.de\/index.php\/wp-json\/wp\/v2\/posts"}],"about":[{"href":"https:\/\/www.web-3-null.de\/index.php\/wp-json\/wp\/v2\/types\/post"}],"author":[{"embeddable":true,"href":"https:\/\/www.web-3-null.de\/index.php\/wp-json\/wp\/v2\/users\/2"}],"replies":[{"embeddable":true,"href":"https:\/\/www.web-3-null.de\/index.php\/wp-json\/wp\/v2\/comments?post=1073"}],"version-history":[{"count":1,"href":"https:\/\/www.web-3-null.de\/index.php\/wp-json\/wp\/v2\/posts\/1073\/revisions"}],"predecessor-version":[{"id":1074,"href":"https:\/\/www.web-3-null.de\/index.php\/wp-json\/wp\/v2\/posts\/1073\/revisions\/1074"}],"wp:attachment":[{"href":"https:\/\/www.web-3-null.de\/index.php\/wp-json\/wp\/v2\/media?parent=1073"}],"wp:term":[{"taxonomy":"category","embeddable":true,"href":"https:\/\/www.web-3-null.de\/index.php\/wp-json\/wp\/v2\/categories?post=1073"},{"taxonomy":"post_tag","embeddable":true,"href":"https:\/\/www.web-3-null.de\/index.php\/wp-json\/wp\/v2\/tags?post=1073"}],"curies":[{"name":"wp","href":"https:\/\/api.w.org\/{rel}","templated":true}]}}