{"id":1176,"date":"2010-08-22T18:33:22","date_gmt":"2010-08-22T16:33:22","guid":{"rendered":"http:\/\/www.web-3-null.de\/?p=1176"},"modified":"2015-06-07T17:23:05","modified_gmt":"2015-06-07T15:23:05","slug":"endlich-ich-habe-eine-neue-kamera","status":"publish","type":"post","link":"https:\/\/www.web-3-null.de\/index.php\/endlich-ich-habe-eine-neue-kamera\/","title":{"rendered":"Endlich mit neuer Kamera unterwegs"},"content":{"rendered":"<p>Schon die ganze Zeit war ich auf der Suche nach einer Digitalkamera. Es sollte eine einigerma\u00dfen taugliche Spiegelreflexkamera sein und dazu ein Objektiv mit einem m\u00f6glichst gro\u00dfen Brennweitenbereich. Gedacht ist die Kamera f\u00fcr die Reise &#8211; wenn ich dabei mal Aufnahmen f\u00fcr Reportagen machen m\u00f6chte. Ausdr\u00fccklich sollte es dabei keine rein professionelle Kamera sein, da die bessere Qualit\u00e4t \u00fcberproportional teurer wird und man auf Reisen durchaus einmal einen Schaden an der Kamera erleiden kann.<\/p>\n<p>Bei der letzten Sonderaktion vom MediaMarkt mit 19% Rabatt habe ich dann zugeschlagen: Canon Eos 550D mit einem Zoomobjektiv 18-270 Brennweite von Tokina. Mir gef\u00e4llt die Kombination sehr gut, weil einerseits eine ausreichende Bildqualit\u00e4t f\u00fcr Webanwendungen erreicht wird, dazu nur ein einziges Objektiv geschleppt werden muss und nicht zuletzt sogar Filme in brauchbarer Qualit\u00e4t bis hinauf zu Full-HD erstellt werden k\u00f6nnen. Da nehme ich dann auch die Abstriche gegen\u00fcber besseren Objektiven oder meinetwegen einer EOS 5D Mark 2 in Kauf.<\/p>\n<p>F\u00fcr professionellere Aufnahmen habe ich gleich noch ein original Canon-Objektiv eingesackt, das 70-200 mm 40 L IS USM. Da machten sich die 19 Prozent Rabatt sehr deutlich bemerkbar.<\/p>\n<p>\u00dcbrigens ist die Preisgestaltung bei verschiedenen MediaM\u00e4rkten sehr interessant gewesen. So lagen beim Canon Objektiv 100 Euro zwischen dem sowieso eher teuren MediaMarkt in M\u00f6nchengladbach und dem (weniger Auswahl, wahrscheinlich auch weniger Kaufkraft in der Stadt) Markt in H\u00fcckelhoven.<\/p>\n<p>Etwas lachen musste ich in beiden F\u00e4llen bei vermeintlichen anderen Sonderangeboten. So wurden viele Dolby-Surround Kombinationen angeboten, die selbst mit Rabatt <em>deutlich<\/em> teurer waren als im Internet. Kann man ja prima \u00fcberpr\u00fcfen, wenn man kurz mit dem Handy vor Ort ins Internet geht.\u00a0 Naja, MediaMarkt wurde in jedem Fall neben hochwertigen Ger\u00e4ten auch jede Menge Ladenh\u00fcter los, welche von einer kaufgeilen Kundschaft zentnerweise aus den L\u00e4den geschleppt wurden. \ud83d\ude09<\/p>\n<div class=\"shariff shariff-align-flex-start shariff-widget-align-flex-start\"><ul class=\"shariff-buttons theme-default orientation-horizontal buttonsize-medium\"><li class=\"shariff-button facebook shariff-nocustomcolor\" style=\"background-color:#4273c8\"><a href=\"https:\/\/www.facebook.com\/sharer\/sharer.php?u=https%3A%2F%2Fwww.web-3-null.de%2Findex.php%2Fendlich-ich-habe-eine-neue-kamera%2F\" title=\"Bei Facebook teilen\" aria-label=\"Bei Facebook teilen\" role=\"button\" rel=\"nofollow\" class=\"shariff-link\" style=\"; background-color:#3b5998; color:#fff\" target=\"_blank\"><span class=\"shariff-icon\" style=\"\"><svg width=\"32px\" height=\"20px\" xmlns=\"http:\/\/www.w3.org\/2000\/svg\" viewBox=\"0 0 18 32\"><path fill=\"#3b5998\" d=\"M17.1 0.2v4.7h-2.8q-1.5 0-2.1 0.6t-0.5 1.9v3.4h5.2l-0.7 5.3h-4.5v13.6h-5.5v-13.6h-4.5v-5.3h4.5v-3.9q0-3.3 1.9-5.2t5-1.8q2.6 0 4.1 0.2z\"\/><\/svg><\/span><span class=\"shariff-text\">teilen<\/span>&nbsp;<\/a><\/li><li class=\"shariff-button twitter shariff-nocustomcolor\" style=\"background-color:#595959\"><a href=\"https:\/\/twitter.com\/share?url=https%3A%2F%2Fwww.web-3-null.de%2Findex.php%2Fendlich-ich-habe-eine-neue-kamera%2F&text=Endlich%20mit%20neuer%20Kamera%20unterwegs\" title=\"Bei X teilen\" aria-label=\"Bei X teilen\" role=\"button\" rel=\"noopener nofollow\" class=\"shariff-link\" style=\"; background-color:#000; color:#fff\" target=\"_blank\"><span class=\"shariff-icon\" style=\"\"><svg width=\"32px\" height=\"20px\" xmlns=\"http:\/\/www.w3.org\/2000\/svg\" viewBox=\"0 0 24 24\"><path fill=\"#000\" d=\"M14.258 10.152L23.176 0h-2.113l-7.747 8.813L7.133 0H0l9.352 13.328L0 23.973h2.113l8.176-9.309 6.531 9.309h7.133zm-2.895 3.293l-.949-1.328L2.875 1.56h3.246l6.086 8.523.945 1.328 7.91 11.078h-3.246zm0 0\"\/><\/svg><\/span><span class=\"shariff-text\">teilen<\/span>&nbsp;<\/a><\/li><li class=\"shariff-button whatsapp shariff-nocustomcolor\" style=\"background-color:#5cbe4a\"><a href=\"https:\/\/api.whatsapp.com\/send?text=https%3A%2F%2Fwww.web-3-null.de%2Findex.php%2Fendlich-ich-habe-eine-neue-kamera%2F%20Endlich%20mit%20neuer%20Kamera%20unterwegs\" title=\"Bei Whatsapp teilen\" aria-label=\"Bei Whatsapp teilen\" role=\"button\" rel=\"noopener nofollow\" class=\"shariff-link\" style=\"; background-color:#34af23; color:#fff\" target=\"_blank\"><span class=\"shariff-icon\" style=\"\"><svg width=\"32px\" height=\"20px\" xmlns=\"http:\/\/www.w3.org\/2000\/svg\" viewBox=\"0 0 32 32\"><path fill=\"#34af23\" d=\"M17.6 17.4q0.2 0 1.7 0.8t1.6 0.9q0 0.1 0 0.3 0 0.6-0.3 1.4-0.3 0.7-1.3 1.2t-1.8 0.5q-1 0-3.4-1.1-1.7-0.8-3-2.1t-2.6-3.3q-1.3-1.9-1.3-3.5v-0.1q0.1-1.6 1.3-2.8 0.4-0.4 0.9-0.4 0.1 0 0.3 0t0.3 0q0.3 0 0.5 0.1t0.3 0.5q0.1 0.4 0.6 1.6t0.4 1.3q0 0.4-0.6 1t-0.6 0.8q0 0.1 0.1 0.3 0.6 1.3 1.8 2.4 1 0.9 2.7 1.8 0.2 0.1 0.4 0.1 0.3 0 1-0.9t0.9-0.9zM14 26.9q2.3 0 4.3-0.9t3.6-2.4 2.4-3.6 0.9-4.3-0.9-4.3-2.4-3.6-3.6-2.4-4.3-0.9-4.3 0.9-3.6 2.4-2.4 3.6-0.9 4.3q0 3.6 2.1 6.6l-1.4 4.2 4.3-1.4q2.8 1.9 6.2 1.9zM14 2.2q2.7 0 5.2 1.1t4.3 2.9 2.9 4.3 1.1 5.2-1.1 5.2-2.9 4.3-4.3 2.9-5.2 1.1q-3.5 0-6.5-1.7l-7.4 2.4 2.4-7.2q-1.9-3.2-1.9-6.9 0-2.7 1.1-5.2t2.9-4.3 4.3-2.9 5.2-1.1z\"\/><\/svg><\/span><span class=\"shariff-text\">teilen<\/span>&nbsp;<\/a><\/li><li class=\"shariff-button linkedin shariff-nocustomcolor\" style=\"background-color:#1488bf\"><a href=\"https:\/\/www.linkedin.com\/sharing\/share-offsite\/?url=https%3A%2F%2Fwww.web-3-null.de%2Findex.php%2Fendlich-ich-habe-eine-neue-kamera%2F\" title=\"Bei LinkedIn teilen\" aria-label=\"Bei LinkedIn teilen\" role=\"button\" rel=\"noopener nofollow\" class=\"shariff-link\" style=\"; background-color:#0077b5; color:#fff\" target=\"_blank\"><span class=\"shariff-icon\" style=\"\"><svg width=\"32px\" height=\"20px\" xmlns=\"http:\/\/www.w3.org\/2000\/svg\" viewBox=\"0 0 27 32\"><path fill=\"#0077b5\" d=\"M6.2 11.2v17.7h-5.9v-17.7h5.9zM6.6 5.7q0 1.3-0.9 2.2t-2.4 0.9h0q-1.5 0-2.4-0.9t-0.9-2.2 0.9-2.2 2.4-0.9 2.4 0.9 0.9 2.2zM27.4 18.7v10.1h-5.9v-9.5q0-1.9-0.7-2.9t-2.3-1.1q-1.1 0-1.9 0.6t-1.2 1.5q-0.2 0.5-0.2 1.4v9.9h-5.9q0-7.1 0-11.6t0-5.3l0-0.9h5.9v2.6h0q0.4-0.6 0.7-1t1-0.9 1.6-0.8 2-0.3q3 0 4.9 2t1.9 6z\"\/><\/svg><\/span><span class=\"shariff-text\">teilen<\/span>&nbsp;<\/a><\/li><\/ul><\/div>","protected":false},"excerpt":{"rendered":"<p>Schon die ganze Zeit war ich auf der Suche nach einer Digitalkamera. Es sollte eine einigerma\u00dfen taugliche Spiegelreflexkamera sein und dazu ein Objektiv mit einem m\u00f6glichst gro\u00dfen Brennweitenbereich. Gedacht ist die Kamera f\u00fcr die Reise &#8211; wenn ich dabei mal Aufnahmen f\u00fcr Reportagen machen m\u00f6chte. Ausdr\u00fccklich sollte es dabei keine rein professionelle Kamera sein, da &hellip; <a href=\"https:\/\/www.web-3-null.de\/index.php\/endlich-ich-habe-eine-neue-kamera\/\" class=\"more-link\"><span class=\"screen-reader-text\">\u201eEndlich mit neuer Kamera unterwegs\u201c <\/span>weiterlesen<\/a><\/p>\n","protected":false},"author":2,"featured_media":0,"comment_status":"closed","ping_status":"closed","sticky":false,"template":"","format":"standard","meta":{"_monsterinsights_skip_tracking":false,"_monsterinsights_sitenote_active":false,"_monsterinsights_sitenote_note":"","_monsterinsights_sitenote_category":0,"footnotes":""},"categories":[1],"tags":[],"class_list":["post-1176","post","type-post","status-publish","format-standard","hentry","category-allgemein"],"aioseo_notices":[],"_links":{"self":[{"href":"https:\/\/www.web-3-null.de\/index.php\/wp-json\/wp\/v2\/posts\/1176","targetHints":{"allow":["GET"]}}],"collection":[{"href":"https:\/\/www.web-3-null.de\/index.php\/wp-json\/wp\/v2\/posts"}],"about":[{"href":"https:\/\/www.web-3-null.de\/index.php\/wp-json\/wp\/v2\/types\/post"}],"author":[{"embeddable":true,"href":"https:\/\/www.web-3-null.de\/index.php\/wp-json\/wp\/v2\/users\/2"}],"replies":[{"embeddable":true,"href":"https:\/\/www.web-3-null.de\/index.php\/wp-json\/wp\/v2\/comments?post=1176"}],"version-history":[{"count":4,"href":"https:\/\/www.web-3-null.de\/index.php\/wp-json\/wp\/v2\/posts\/1176\/revisions"}],"predecessor-version":[{"id":5078,"href":"https:\/\/www.web-3-null.de\/index.php\/wp-json\/wp\/v2\/posts\/1176\/revisions\/5078"}],"wp:attachment":[{"href":"https:\/\/www.web-3-null.de\/index.php\/wp-json\/wp\/v2\/media?parent=1176"}],"wp:term":[{"taxonomy":"category","embeddable":true,"href":"https:\/\/www.web-3-null.de\/index.php\/wp-json\/wp\/v2\/categories?post=1176"},{"taxonomy":"post_tag","embeddable":true,"href":"https:\/\/www.web-3-null.de\/index.php\/wp-json\/wp\/v2\/tags?post=1176"}],"curies":[{"name":"wp","href":"https:\/\/api.w.org\/{rel}","templated":true}]}}