{"id":1545,"date":"2011-07-14T03:11:09","date_gmt":"2011-07-14T01:11:09","guid":{"rendered":"http:\/\/www.web-3-null.de\/?p=1545"},"modified":"2015-06-07T17:02:49","modified_gmt":"2015-06-07T15:02:49","slug":"gibt-es-sowas-wie-anti-werbung","status":"publish","type":"post","link":"https:\/\/www.web-3-null.de\/index.php\/gibt-es-sowas-wie-anti-werbung\/","title":{"rendered":"Gibt es sowas wie Anti-Werbung?"},"content":{"rendered":"<p>Mal eine Frage. Bei mir pers\u00f6nlich str\u00e4uben sich die Nackenhaare, wenn ich bestimmte &#8222;Prominente&#8220; als Werbetr\u00e4ger im Fernsehen erblicke. Angefangen von Verona Pooth, ehemalige Feldbusch, \u00fcber Boris Becker bis hin zu Dieter Bohlen oder meinetwegen auch J\u00fcrgen Milski (ehemaliger Insasse bei Big Brother) versp\u00fcre ich pers\u00f6nlich nur Antipathie. Zumindest bei mir ist es so, dass ich Hersteller, welche mit derlei Gestalten werben, bewusst meide. Irgendwie liegt da bei mir eine Assoziation vor: &#8222;F\u00fcr mich taugt der Typ nichts, also ist das Produkt wahrscheinlich auch Schrott.&#8220;<\/p>\n<p>Habe ich also eine Werbung im Fernsehen \u00fcber mich ergehen lassen m\u00fcssen und sehe dann die &#8222;Prominenten&#8220; vor meinem geistigen Auge wieder, f\u00e4llt mir das Produkt im Supermarkt aus der Hand und ich sehe nach, was es denn f\u00fcr Alternativen gibt. Ich kann einfach nicht glauben, dass in meinen Augen ziemlich unseri\u00f6se Typen irgendwas Vern\u00fcnftiges verkaufen wollen. Die Art des Produktes ist mir dabei relativ egal. Was mich im Hinterst\u00fcbchen besch\u00e4ftigt, ist die Motivation derjenigen, welche die &#8222;Stars&#8220; f\u00fcr ihre Produkte buchen. Und da sind bei mir schon wieder die Zweifel an der Seriosit\u00e4t des Herstellers an sich gegeben&#8230;&#8230;&#8230;<\/p>\n<p>Wie gesagt, ist eine pers\u00f6nliche Empfindung aber um diese Hersteller und Produkte mache ich einen riesigen Bogen. Und das auch, wenn der Werbeeinsatz der Promis schon l\u00e4ngst vorbei ist&#8230;&#8230;.<\/p>\n<div class=\"shariff shariff-align-left shariff-widget-align-left\"><ul class=\"shariff-buttons theme-default orientation-horizontal buttonsize-medium\"><li class=\"shariff-button facebook shariff-nocustomcolor\" style=\"background-color:#4273c8\"><a href=\"https:\/\/www.facebook.com\/sharer\/sharer.php?u=https%3A%2F%2Fwww.web-3-null.de%2Findex.php%2Fgibt-es-sowas-wie-anti-werbung%2F\" title=\"Bei Facebook teilen\" aria-label=\"Bei Facebook teilen\" role=\"button\" rel=\"nofollow\" class=\"shariff-link\" style=\"; background-color:#3b5998; color:#fff\" target=\"_blank\"><span class=\"shariff-icon\" style=\"\"><svg width=\"32px\" height=\"20px\" xmlns=\"http:\/\/www.w3.org\/2000\/svg\" viewBox=\"0 0 18 32\"><path fill=\"#3b5998\" d=\"M17.1 0.2v4.7h-2.8q-1.5 0-2.1 0.6t-0.5 1.9v3.4h5.2l-0.7 5.3h-4.5v13.6h-5.5v-13.6h-4.5v-5.3h4.5v-3.9q0-3.3 1.9-5.2t5-1.8q2.6 0 4.1 0.2z\"\/><\/svg><\/span><span class=\"shariff-text\">teilen<\/span>&nbsp;<\/a><\/li><li class=\"shariff-button twitter shariff-nocustomcolor\" style=\"background-color:#595959\"><a href=\"https:\/\/twitter.com\/share?url=https%3A%2F%2Fwww.web-3-null.de%2Findex.php%2Fgibt-es-sowas-wie-anti-werbung%2F&text=Gibt%20es%20sowas%20wie%20Anti-Werbung%3F\" title=\"Bei X teilen\" aria-label=\"Bei X teilen\" role=\"button\" rel=\"noopener nofollow\" class=\"shariff-link\" style=\"; background-color:#000; color:#fff\" target=\"_blank\"><span class=\"shariff-icon\" style=\"\"><svg width=\"32px\" height=\"20px\" xmlns=\"http:\/\/www.w3.org\/2000\/svg\" viewBox=\"0 0 24 24\"><path fill=\"#000\" d=\"M14.258 10.152L23.176 0h-2.113l-7.747 8.813L7.133 0H0l9.352 13.328L0 23.973h2.113l8.176-9.309 6.531 9.309h7.133zm-2.895 3.293l-.949-1.328L2.875 1.56h3.246l6.086 8.523.945 1.328 7.91 11.078h-3.246zm0 0\"\/><\/svg><\/span><span class=\"shariff-text\">teilen<\/span>&nbsp;<\/a><\/li><li class=\"shariff-button whatsapp shariff-nocustomcolor\" style=\"background-color:#5cbe4a\"><a href=\"https:\/\/api.whatsapp.com\/send?text=https%3A%2F%2Fwww.web-3-null.de%2Findex.php%2Fgibt-es-sowas-wie-anti-werbung%2F%20Gibt%20es%20sowas%20wie%20Anti-Werbung%3F\" title=\"Bei Whatsapp teilen\" aria-label=\"Bei Whatsapp teilen\" role=\"button\" rel=\"noopener nofollow\" class=\"shariff-link\" style=\"; background-color:#34af23; color:#fff\" target=\"_blank\"><span class=\"shariff-icon\" style=\"\"><svg width=\"32px\" height=\"20px\" xmlns=\"http:\/\/www.w3.org\/2000\/svg\" viewBox=\"0 0 32 32\"><path fill=\"#34af23\" d=\"M17.6 17.4q0.2 0 1.7 0.8t1.6 0.9q0 0.1 0 0.3 0 0.6-0.3 1.4-0.3 0.7-1.3 1.2t-1.8 0.5q-1 0-3.4-1.1-1.7-0.8-3-2.1t-2.6-3.3q-1.3-1.9-1.3-3.5v-0.1q0.1-1.6 1.3-2.8 0.4-0.4 0.9-0.4 0.1 0 0.3 0t0.3 0q0.3 0 0.5 0.1t0.3 0.5q0.1 0.4 0.6 1.6t0.4 1.3q0 0.4-0.6 1t-0.6 0.8q0 0.1 0.1 0.3 0.6 1.3 1.8 2.4 1 0.9 2.7 1.8 0.2 0.1 0.4 0.1 0.3 0 1-0.9t0.9-0.9zM14 26.9q2.3 0 4.3-0.9t3.6-2.4 2.4-3.6 0.9-4.3-0.9-4.3-2.4-3.6-3.6-2.4-4.3-0.9-4.3 0.9-3.6 2.4-2.4 3.6-0.9 4.3q0 3.6 2.1 6.6l-1.4 4.2 4.3-1.4q2.8 1.9 6.2 1.9zM14 2.2q2.7 0 5.2 1.1t4.3 2.9 2.9 4.3 1.1 5.2-1.1 5.2-2.9 4.3-4.3 2.9-5.2 1.1q-3.5 0-6.5-1.7l-7.4 2.4 2.4-7.2q-1.9-3.2-1.9-6.9 0-2.7 1.1-5.2t2.9-4.3 4.3-2.9 5.2-1.1z\"\/><\/svg><\/span><span class=\"shariff-text\">teilen<\/span>&nbsp;<\/a><\/li><li class=\"shariff-button linkedin shariff-nocustomcolor\" style=\"background-color:#1488bf\"><a href=\"https:\/\/www.linkedin.com\/sharing\/share-offsite\/?url=https%3A%2F%2Fwww.web-3-null.de%2Findex.php%2Fgibt-es-sowas-wie-anti-werbung%2F\" title=\"Bei LinkedIn teilen\" aria-label=\"Bei LinkedIn teilen\" role=\"button\" rel=\"noopener nofollow\" class=\"shariff-link\" style=\"; background-color:#0077b5; color:#fff\" target=\"_blank\"><span class=\"shariff-icon\" style=\"\"><svg width=\"32px\" height=\"20px\" xmlns=\"http:\/\/www.w3.org\/2000\/svg\" viewBox=\"0 0 27 32\"><path fill=\"#0077b5\" d=\"M6.2 11.2v17.7h-5.9v-17.7h5.9zM6.6 5.7q0 1.3-0.9 2.2t-2.4 0.9h0q-1.5 0-2.4-0.9t-0.9-2.2 0.9-2.2 2.4-0.9 2.4 0.9 0.9 2.2zM27.4 18.7v10.1h-5.9v-9.5q0-1.9-0.7-2.9t-2.3-1.1q-1.1 0-1.9 0.6t-1.2 1.5q-0.2 0.5-0.2 1.4v9.9h-5.9q0-7.1 0-11.6t0-5.3l0-0.9h5.9v2.6h0q0.4-0.6 0.7-1t1-0.9 1.6-0.8 2-0.3q3 0 4.9 2t1.9 6z\"\/><\/svg><\/span><span class=\"shariff-text\">teilen<\/span>&nbsp;<\/a><\/li><\/ul><\/div>","protected":false},"excerpt":{"rendered":"<p>Mal eine Frage. Bei mir pers\u00f6nlich str\u00e4uben sich die Nackenhaare, wenn ich bestimmte &#8222;Prominente&#8220; als Werbetr\u00e4ger im Fernsehen erblicke. Angefangen von Verona Pooth, ehemalige Feldbusch, \u00fcber Boris Becker bis hin zu Dieter Bohlen oder meinetwegen auch J\u00fcrgen Milski (ehemaliger Insasse bei Big Brother) versp\u00fcre ich pers\u00f6nlich nur Antipathie. Zumindest bei mir ist es so, dass &hellip; <a href=\"https:\/\/www.web-3-null.de\/index.php\/gibt-es-sowas-wie-anti-werbung\/\" class=\"more-link\"><span class=\"screen-reader-text\">\u201eGibt es sowas wie Anti-Werbung?\u201c <\/span>weiterlesen<\/a><\/p>\n","protected":false},"author":2,"featured_media":0,"comment_status":"closed","ping_status":"closed","sticky":false,"template":"","format":"standard","meta":{"_monsterinsights_skip_tracking":false,"footnotes":""},"categories":[1],"tags":[],"class_list":["post-1545","post","type-post","status-publish","format-standard","hentry","category-allgemein"],"aioseo_notices":[],"aioseo_head":"\n\t\t<!-- All in One SEO 5.0.1 - aioseo.com -->\n\t<meta name=\"description\" content=\"Mal eine Frage. Bei mir pers\u00f6nlich str\u00e4uben sich die Nackenhaare, wenn ich bestimmte &quot;Prominente&quot; als Werbetr\u00e4ger im Fernsehen erblicke. Angefangen von Verona Pooth, ehemalige Feldbusch, \u00fcber Boris Becker bis hin zu Dieter Bohlen oder meinetwegen auch J\u00fcrgen Milski (ehemaliger Insasse bei Big Brother) versp\u00fcre ich pers\u00f6nlich nur Antipathie. Zumindest bei mir ist es so, dass\" \/>\n\t<meta name=\"robots\" content=\"max-image-preview:large\" \/>\n\t<meta name=\"author\" content=\"Georg Grohs Online Marketing\"\/>\n\t<meta name=\"google-site-verification\" content=\"mZwpNWpN1paSAtYbBBPjMOLFPiuzHD7o_VvNc5N4wUw\" \/>\n\t<link rel=\"canonical\" href=\"https:\/\/www.web-3-null.de\/index.php\/gibt-es-sowas-wie-anti-werbung\/\" \/>\n\t<meta name=\"generator\" content=\"All in One SEO (AIOSEO) 5.0.1\" \/>\n\t\t<meta property=\"og:locale\" content=\"de_DE\" \/>\n\t\t<meta property=\"og:site_name\" content=\"Web 3.0 | Next Generation Marketing - Online Marketing Experten und Gel\u00e4ster\" \/>\n\t\t<meta property=\"og:type\" content=\"article\" \/>\n\t\t<meta property=\"og:title\" content=\"Gibt es sowas wie Anti-Werbung? | Web 3.0\" \/>\n\t\t<meta property=\"og:description\" content=\"Mal eine Frage. Bei mir pers\u00f6nlich str\u00e4uben sich die Nackenhaare, wenn ich bestimmte &quot;Prominente&quot; als Werbetr\u00e4ger im Fernsehen erblicke. Angefangen von Verona Pooth, ehemalige Feldbusch, \u00fcber Boris Becker bis hin zu Dieter Bohlen oder meinetwegen auch J\u00fcrgen Milski (ehemaliger Insasse bei Big Brother) versp\u00fcre ich pers\u00f6nlich nur Antipathie. Zumindest bei mir ist es so, dass\" \/>\n\t\t<meta property=\"og:url\" content=\"https:\/\/www.web-3-null.de\/index.php\/gibt-es-sowas-wie-anti-werbung\/\" \/>\n\t\t<meta property=\"article:published_time\" content=\"2011-07-14T01:11:09+00:00\" \/>\n\t\t<meta property=\"article:modified_time\" content=\"2015-06-07T15:02:49+00:00\" \/>\n\t\t<meta name=\"twitter:card\" content=\"summary\" \/>\n\t\t<meta name=\"twitter:title\" content=\"Gibt es sowas wie Anti-Werbung? | Web 3.0\" \/>\n\t\t<meta name=\"twitter:description\" content=\"Mal eine Frage. Bei mir pers\u00f6nlich str\u00e4uben sich die Nackenhaare, wenn ich bestimmte &quot;Prominente&quot; als Werbetr\u00e4ger im Fernsehen erblicke. Angefangen von Verona Pooth, ehemalige Feldbusch, \u00fcber Boris Becker bis hin zu Dieter Bohlen oder meinetwegen auch J\u00fcrgen Milski (ehemaliger Insasse bei Big Brother) versp\u00fcre ich pers\u00f6nlich nur Antipathie. Zumindest bei mir ist es so, dass\" \/>\n\t\t<script type=\"application\/ld+json\" class=\"aioseo-schema\">\n\t\t\t{\"@context\":\"https:\\\/\\\/schema.org\",\"@graph\":[{\"@type\":\"Article\",\"@id\":\"https:\\\/\\\/www.web-3-null.de\\\/index.php\\\/gibt-es-sowas-wie-anti-werbung\\\/#article\",\"name\":\"Gibt es sowas wie Anti-Werbung? | Web 3.0\",\"headline\":\"Gibt es sowas wie Anti-Werbung?\",\"author\":{\"@id\":\"https:\\\/\\\/www.web-3-null.de\\\/index.php\\\/author\\\/gg\\\/#author\"},\"publisher\":{\"@id\":\"https:\\\/\\\/www.web-3-null.de\\\/#organization\"},\"datePublished\":\"2011-07-14T03:11:09+02:00\",\"dateModified\":\"2015-06-07T17:02:49+02:00\",\"inLanguage\":\"de-DE\",\"mainEntityOfPage\":{\"@id\":\"https:\\\/\\\/www.web-3-null.de\\\/index.php\\\/gibt-es-sowas-wie-anti-werbung\\\/#webpage\"},\"isPartOf\":{\"@id\":\"https:\\\/\\\/www.web-3-null.de\\\/index.php\\\/gibt-es-sowas-wie-anti-werbung\\\/#webpage\"},\"articleSection\":\"Aktuelles\"},{\"@type\":\"BreadcrumbList\",\"@id\":\"https:\\\/\\\/www.web-3-null.de\\\/index.php\\\/gibt-es-sowas-wie-anti-werbung\\\/#breadcrumblist\",\"itemListElement\":[{\"@type\":\"ListItem\",\"@id\":\"https:\\\/\\\/www.web-3-null.de#listItem\",\"position\":1,\"name\":\"Home\",\"item\":\"https:\\\/\\\/www.web-3-null.de\",\"nextItem\":{\"@type\":\"ListItem\",\"@id\":\"https:\\\/\\\/www.web-3-null.de\\\/index.php\\\/category\\\/allgemein\\\/#listItem\",\"name\":\"Aktuelles\"}},{\"@type\":\"ListItem\",\"@id\":\"https:\\\/\\\/www.web-3-null.de\\\/index.php\\\/category\\\/allgemein\\\/#listItem\",\"position\":2,\"name\":\"Aktuelles\",\"item\":\"https:\\\/\\\/www.web-3-null.de\\\/index.php\\\/category\\\/allgemein\\\/\",\"nextItem\":{\"@type\":\"ListItem\",\"@id\":\"https:\\\/\\\/www.web-3-null.de\\\/index.php\\\/gibt-es-sowas-wie-anti-werbung\\\/#listItem\",\"name\":\"Gibt es sowas wie Anti-Werbung?\"},\"previousItem\":{\"@type\":\"ListItem\",\"@id\":\"https:\\\/\\\/www.web-3-null.de#listItem\",\"name\":\"Home\"}},{\"@type\":\"ListItem\",\"@id\":\"https:\\\/\\\/www.web-3-null.de\\\/index.php\\\/gibt-es-sowas-wie-anti-werbung\\\/#listItem\",\"position\":3,\"name\":\"Gibt es sowas wie Anti-Werbung?\",\"previousItem\":{\"@type\":\"ListItem\",\"@id\":\"https:\\\/\\\/www.web-3-null.de\\\/index.php\\\/category\\\/allgemein\\\/#listItem\",\"name\":\"Aktuelles\"}}]},{\"@type\":\"Organization\",\"@id\":\"https:\\\/\\\/www.web-3-null.de\\\/#organization\",\"name\":\"Web 3.0\",\"description\":\"Next Generation Marketing - Online Marketing Experten und Gel\\u00e4ster\",\"url\":\"https:\\\/\\\/www.web-3-null.de\\\/\"},{\"@type\":\"Person\",\"@id\":\"https:\\\/\\\/www.web-3-null.de\\\/index.php\\\/author\\\/gg\\\/#author\",\"url\":\"https:\\\/\\\/www.web-3-null.de\\\/index.php\\\/author\\\/gg\\\/\",\"name\":\"Georg Grohs Online Marketing\",\"image\":{\"@type\":\"ImageObject\",\"@id\":\"https:\\\/\\\/www.web-3-null.de\\\/index.php\\\/gibt-es-sowas-wie-anti-werbung\\\/#authorImage\",\"url\":\"https:\\\/\\\/secure.gravatar.com\\\/avatar\\\/8a96e9002a71190251ef8cb0d22b62c79ec744847ee70c213fe10115089dde67?s=96&d=mm&r=g\",\"width\":96,\"height\":96,\"caption\":\"Georg Grohs Online Marketing\"}},{\"@type\":\"WebPage\",\"@id\":\"https:\\\/\\\/www.web-3-null.de\\\/index.php\\\/gibt-es-sowas-wie-anti-werbung\\\/#webpage\",\"url\":\"https:\\\/\\\/www.web-3-null.de\\\/index.php\\\/gibt-es-sowas-wie-anti-werbung\\\/\",\"name\":\"Gibt es sowas wie Anti-Werbung? | Web 3.0\",\"description\":\"Mal eine Frage. Bei mir pers\\u00f6nlich str\\u00e4uben sich die Nackenhaare, wenn ich bestimmte \\\"Prominente\\\" als Werbetr\\u00e4ger im Fernsehen erblicke. Angefangen von Verona Pooth, ehemalige Feldbusch, \\u00fcber Boris Becker bis hin zu Dieter Bohlen oder meinetwegen auch J\\u00fcrgen Milski (ehemaliger Insasse bei Big Brother) versp\\u00fcre ich pers\\u00f6nlich nur Antipathie. Zumindest bei mir ist es so, dass\",\"inLanguage\":\"de-DE\",\"isPartOf\":{\"@id\":\"https:\\\/\\\/www.web-3-null.de\\\/#website\"},\"breadcrumb\":{\"@id\":\"https:\\\/\\\/www.web-3-null.de\\\/index.php\\\/gibt-es-sowas-wie-anti-werbung\\\/#breadcrumblist\"},\"author\":{\"@id\":\"https:\\\/\\\/www.web-3-null.de\\\/index.php\\\/author\\\/gg\\\/#author\"},\"creator\":{\"@id\":\"https:\\\/\\\/www.web-3-null.de\\\/index.php\\\/author\\\/gg\\\/#author\"},\"datePublished\":\"2011-07-14T03:11:09+02:00\",\"dateModified\":\"2015-06-07T17:02:49+02:00\"},{\"@type\":\"WebSite\",\"@id\":\"https:\\\/\\\/www.web-3-null.de\\\/#website\",\"url\":\"https:\\\/\\\/www.web-3-null.de\\\/\",\"name\":\"Web 3.0\",\"description\":\"Next Generation Marketing - Online Marketing Experten und Gel\\u00e4ster\",\"inLanguage\":\"de-DE\",\"publisher\":{\"@id\":\"https:\\\/\\\/www.web-3-null.de\\\/#organization\"}}]}\n\t\t<\/script>\n\t\t<!-- All in One SEO -->\n\n","aioseo_head_json":{"title":"Gibt es sowas wie Anti-Werbung? | Web 3.0","description":"Mal eine Frage. Bei mir pers\u00f6nlich str\u00e4uben sich die Nackenhaare, wenn ich bestimmte \"Prominente\" als Werbetr\u00e4ger im Fernsehen erblicke. Angefangen von Verona Pooth, ehemalige Feldbusch, \u00fcber Boris Becker bis hin zu Dieter Bohlen oder meinetwegen auch J\u00fcrgen Milski (ehemaliger Insasse bei Big Brother) versp\u00fcre ich pers\u00f6nlich nur Antipathie. Zumindest bei mir ist es so, dass","canonical_url":"https:\/\/www.web-3-null.de\/index.php\/gibt-es-sowas-wie-anti-werbung\/","robots":"max-image-preview:large","keywords":"","webmasterTools":{"google-site-verification":"mZwpNWpN1paSAtYbBBPjMOLFPiuzHD7o_VvNc5N4wUw","miscellaneous":""},"schema":{"@context":"https:\/\/schema.org","@graph":[{"@type":"Article","@id":"https:\/\/www.web-3-null.de\/index.php\/gibt-es-sowas-wie-anti-werbung\/#article","name":"Gibt es sowas wie Anti-Werbung? | Web 3.0","headline":"Gibt es sowas wie Anti-Werbung?","author":{"@id":"https:\/\/www.web-3-null.de\/index.php\/author\/gg\/#author"},"publisher":{"@id":"https:\/\/www.web-3-null.de\/#organization"},"datePublished":"2011-07-14T03:11:09+02:00","dateModified":"2015-06-07T17:02:49+02:00","inLanguage":"de-DE","mainEntityOfPage":{"@id":"https:\/\/www.web-3-null.de\/index.php\/gibt-es-sowas-wie-anti-werbung\/#webpage"},"isPartOf":{"@id":"https:\/\/www.web-3-null.de\/index.php\/gibt-es-sowas-wie-anti-werbung\/#webpage"},"articleSection":"Aktuelles"},{"@type":"BreadcrumbList","@id":"https:\/\/www.web-3-null.de\/index.php\/gibt-es-sowas-wie-anti-werbung\/#breadcrumblist","itemListElement":[{"@type":"ListItem","@id":"https:\/\/www.web-3-null.de#listItem","position":1,"name":"Home","item":"https:\/\/www.web-3-null.de","nextItem":{"@type":"ListItem","@id":"https:\/\/www.web-3-null.de\/index.php\/category\/allgemein\/#listItem","name":"Aktuelles"}},{"@type":"ListItem","@id":"https:\/\/www.web-3-null.de\/index.php\/category\/allgemein\/#listItem","position":2,"name":"Aktuelles","item":"https:\/\/www.web-3-null.de\/index.php\/category\/allgemein\/","nextItem":{"@type":"ListItem","@id":"https:\/\/www.web-3-null.de\/index.php\/gibt-es-sowas-wie-anti-werbung\/#listItem","name":"Gibt es sowas wie Anti-Werbung?"},"previousItem":{"@type":"ListItem","@id":"https:\/\/www.web-3-null.de#listItem","name":"Home"}},{"@type":"ListItem","@id":"https:\/\/www.web-3-null.de\/index.php\/gibt-es-sowas-wie-anti-werbung\/#listItem","position":3,"name":"Gibt es sowas wie Anti-Werbung?","previousItem":{"@type":"ListItem","@id":"https:\/\/www.web-3-null.de\/index.php\/category\/allgemein\/#listItem","name":"Aktuelles"}}]},{"@type":"Organization","@id":"https:\/\/www.web-3-null.de\/#organization","name":"Web 3.0","description":"Next Generation Marketing - Online Marketing Experten und Gel\u00e4ster","url":"https:\/\/www.web-3-null.de\/"},{"@type":"Person","@id":"https:\/\/www.web-3-null.de\/index.php\/author\/gg\/#author","url":"https:\/\/www.web-3-null.de\/index.php\/author\/gg\/","name":"Georg Grohs Online Marketing","image":{"@type":"ImageObject","@id":"https:\/\/www.web-3-null.de\/index.php\/gibt-es-sowas-wie-anti-werbung\/#authorImage","url":"https:\/\/secure.gravatar.com\/avatar\/8a96e9002a71190251ef8cb0d22b62c79ec744847ee70c213fe10115089dde67?s=96&d=mm&r=g","width":96,"height":96,"caption":"Georg Grohs Online Marketing"}},{"@type":"WebPage","@id":"https:\/\/www.web-3-null.de\/index.php\/gibt-es-sowas-wie-anti-werbung\/#webpage","url":"https:\/\/www.web-3-null.de\/index.php\/gibt-es-sowas-wie-anti-werbung\/","name":"Gibt es sowas wie Anti-Werbung? | Web 3.0","description":"Mal eine Frage. Bei mir pers\u00f6nlich str\u00e4uben sich die Nackenhaare, wenn ich bestimmte \"Prominente\" als Werbetr\u00e4ger im Fernsehen erblicke. Angefangen von Verona Pooth, ehemalige Feldbusch, \u00fcber Boris Becker bis hin zu Dieter Bohlen oder meinetwegen auch J\u00fcrgen Milski (ehemaliger Insasse bei Big Brother) versp\u00fcre ich pers\u00f6nlich nur Antipathie. Zumindest bei mir ist es so, dass","inLanguage":"de-DE","isPartOf":{"@id":"https:\/\/www.web-3-null.de\/#website"},"breadcrumb":{"@id":"https:\/\/www.web-3-null.de\/index.php\/gibt-es-sowas-wie-anti-werbung\/#breadcrumblist"},"author":{"@id":"https:\/\/www.web-3-null.de\/index.php\/author\/gg\/#author"},"creator":{"@id":"https:\/\/www.web-3-null.de\/index.php\/author\/gg\/#author"},"datePublished":"2011-07-14T03:11:09+02:00","dateModified":"2015-06-07T17:02:49+02:00"},{"@type":"WebSite","@id":"https:\/\/www.web-3-null.de\/#website","url":"https:\/\/www.web-3-null.de\/","name":"Web 3.0","description":"Next Generation Marketing - Online Marketing Experten und Gel\u00e4ster","inLanguage":"de-DE","publisher":{"@id":"https:\/\/www.web-3-null.de\/#organization"}}]},"og:locale":"de_DE","og:site_name":"Web 3.0 | Next Generation Marketing - Online Marketing Experten und Gel\u00e4ster","og:type":"article","og:title":"Gibt es sowas wie Anti-Werbung? | Web 3.0","og:description":"Mal eine Frage. Bei mir pers\u00f6nlich str\u00e4uben sich die Nackenhaare, wenn ich bestimmte &quot;Prominente&quot; als Werbetr\u00e4ger im Fernsehen erblicke. Angefangen von Verona Pooth, ehemalige Feldbusch, \u00fcber Boris Becker bis hin zu Dieter Bohlen oder meinetwegen auch J\u00fcrgen Milski (ehemaliger Insasse bei Big Brother) versp\u00fcre ich pers\u00f6nlich nur Antipathie. Zumindest bei mir ist es so, dass","og:url":"https:\/\/www.web-3-null.de\/index.php\/gibt-es-sowas-wie-anti-werbung\/","article:published_time":"2011-07-14T01:11:09+00:00","article:modified_time":"2015-06-07T15:02:49+00:00","twitter:card":"summary","twitter:title":"Gibt es sowas wie Anti-Werbung? | Web 3.0","twitter:description":"Mal eine Frage. Bei mir pers\u00f6nlich str\u00e4uben sich die Nackenhaare, wenn ich bestimmte &quot;Prominente&quot; als Werbetr\u00e4ger im Fernsehen erblicke. Angefangen von Verona Pooth, ehemalige Feldbusch, \u00fcber Boris Becker bis hin zu Dieter Bohlen oder meinetwegen auch J\u00fcrgen Milski (ehemaliger Insasse bei Big Brother) versp\u00fcre ich pers\u00f6nlich nur Antipathie. Zumindest bei mir ist es so, dass"},"aioseo_meta_data":{"post_id":"1545","title":null,"description":null,"keywords":null,"keyphrases":null,"primary_term":null,"canonical_url":null,"og_title":null,"og_description":null,"og_object_type":"default","og_image_type":"default","og_image_url":null,"og_image_width":null,"og_image_height":null,"og_image_custom_url":null,"og_image_custom_fields":null,"og_video":null,"og_custom_url":null,"og_article_section":null,"og_article_tags":null,"twitter_use_og":false,"twitter_card":"default","twitter_image_type":"default","twitter_image_url":null,"twitter_image_custom_url":null,"twitter_image_custom_fields":null,"twitter_title":null,"twitter_description":null,"schema":{"blockGraphs":[],"customGraphs":[],"default":{"data":{"Article":[],"Course":[],"Dataset":[],"FAQPage":[],"Movie":[],"Person":[],"Product":[],"ProductReview":[],"Car":[],"Recipe":[],"Service":[],"SoftwareApplication":[],"WebPage":[]},"graphName":"Article","isEnabled":true},"graphs":[]},"schema_type":null,"schema_type_options":null,"pillar_content":false,"robots_default":true,"robots_noindex":false,"robots_noarchive":false,"robots_nosnippet":false,"robots_nofollow":false,"robots_noimageindex":false,"robots_noodp":false,"robots_notranslate":false,"robots_max_snippet":null,"robots_max_videopreview":null,"robots_max_imagepreview":"large","priority":null,"frequency":null,"local_seo":null,"breadcrumb_settings":null,"limit_modified_date":false,"ai":null,"created":"2020-12-26 11:44:40","updated":"2026-02-25 08:35:43","seo_analyzer_scan_date":null,"focus_keyword":null,"additional_keywords":null,"truseo_locale":null},"aioseo_breadcrumb":"<div class=\"aioseo-breadcrumbs\"><span class=\"aioseo-breadcrumb\">\n\t\t\t<a href=\"https:\/\/www.web-3-null.de\" title=\"Home\">Home<\/a>\n\t\t<\/span><span class=\"aioseo-breadcrumb-separator\">&raquo;<\/span><span class=\"aioseo-breadcrumb\">\n\t\t\t<a href=\"https:\/\/www.web-3-null.de\/index.php\/category\/allgemein\/\" title=\"Aktuelles\">Aktuelles<\/a>\n\t\t<\/span><span class=\"aioseo-breadcrumb-separator\">&raquo;<\/span><span class=\"aioseo-breadcrumb\">\n\t\t\tGibt es sowas wie Anti-Werbung?\n\t\t<\/span><\/div>","aioseo_breadcrumb_json":[{"label":"Home","link":"https:\/\/www.web-3-null.de"},{"label":"Aktuelles","link":"https:\/\/www.web-3-null.de\/index.php\/category\/allgemein\/"},{"label":"Gibt es sowas wie Anti-Werbung?","link":"https:\/\/www.web-3-null.de\/index.php\/gibt-es-sowas-wie-anti-werbung\/"}],"_links":{"self":[{"href":"https:\/\/www.web-3-null.de\/index.php\/wp-json\/wp\/v2\/posts\/1545","targetHints":{"allow":["GET"]}}],"collection":[{"href":"https:\/\/www.web-3-null.de\/index.php\/wp-json\/wp\/v2\/posts"}],"about":[{"href":"https:\/\/www.web-3-null.de\/index.php\/wp-json\/wp\/v2\/types\/post"}],"author":[{"embeddable":true,"href":"https:\/\/www.web-3-null.de\/index.php\/wp-json\/wp\/v2\/users\/2"}],"replies":[{"embeddable":true,"href":"https:\/\/www.web-3-null.de\/index.php\/wp-json\/wp\/v2\/comments?post=1545"}],"version-history":[{"count":4,"href":"https:\/\/www.web-3-null.de\/index.php\/wp-json\/wp\/v2\/posts\/1545\/revisions"}],"predecessor-version":[{"id":5015,"href":"https:\/\/www.web-3-null.de\/index.php\/wp-json\/wp\/v2\/posts\/1545\/revisions\/5015"}],"wp:attachment":[{"href":"https:\/\/www.web-3-null.de\/index.php\/wp-json\/wp\/v2\/media?parent=1545"}],"wp:term":[{"taxonomy":"category","embeddable":true,"href":"https:\/\/www.web-3-null.de\/index.php\/wp-json\/wp\/v2\/categories?post=1545"},{"taxonomy":"post_tag","embeddable":true,"href":"https:\/\/www.web-3-null.de\/index.php\/wp-json\/wp\/v2\/tags?post=1545"}],"curies":[{"name":"wp","href":"https:\/\/api.w.org\/{rel}","templated":true}]}}