{"id":481,"date":"2008-05-25T09:10:56","date_gmt":"2008-05-25T08:10:56","guid":{"rendered":"http:\/\/www.web-3-null.de\/index.php\/allgemein\/grose-aufregung-um-den-eventuellen-abhohrskandal-bei-der-telekom.html"},"modified":"2008-05-25T11:17:37","modified_gmt":"2008-05-25T10:17:37","slug":"grose-aufregung-um-den-eventuellen-abhohrskandal-bei-der-telekom","status":"publish","type":"post","link":"https:\/\/www.web-3-null.de\/index.php\/grose-aufregung-um-den-eventuellen-abhohrskandal-bei-der-telekom\/","title":{"rendered":"Gro\u00dfe Aufregung um den eventuellen Abh\u00f6rskandal bei der Telekom"},"content":{"rendered":"<p>Ich frage mich nur, wie haben die das im Zweifelsfall hinbekommen?<\/p>\n<p>Ok, ein externer Berliner Dienstleister soll die Daten \u00fcber Telefonate von Managern mit Journalisten analysiert haben, also eine Art Abh\u00f6raktion outgesourced&#8230;&#8230;das ist ja mal ein ganz neues Gesch\u00e4ftsmodell ;-).<\/p>\n<p>Falls es tats\u00e4chlich einen solchen Skandal gibt, stellt sich die Frage, warum die Telekom das nicht selbst gemacht hat. Haben die etwa versucht, funktionierende Technik hinzubekommen oder Informationen zielgerichtet einzusetzen nach einer profunden Analyse? ;-).<\/p>\n<p>Jeder, der auf einen DSL-Anschluss wartet oder dem von der Teuerkom ein Arcor-Anschluss unvermittelt auf die falsche Verteilerschiene geklemmt wurde, w\u00fcrde sich \u00fcber eine solche Dienstbeflissenheit des rosa-Riesen nur freuen ;-). Stellen Sie sich einfach mal vor, ein wahrscheinlich nicht ganz preiswertes Dienstleistungsunternehmen w\u00fcrde sich an Stelle der vielen Subunternehmer um Ihren Telefonanschluss k\u00fcmmern und die Qualit\u00e4t desselbigen sichern ;-).<\/p>\n<p>Da k\u00f6nnte man doch den ein oder anderen Mittelefonierer fast noch tolerieren ;-).<\/p>\n<div class=\"shariff shariff-align-flex-start shariff-widget-align-flex-start\"><ul class=\"shariff-buttons theme-default orientation-horizontal buttonsize-medium\"><li class=\"shariff-button facebook shariff-nocustomcolor\" style=\"background-color:#4273c8\"><a href=\"https:\/\/www.facebook.com\/sharer\/sharer.php?u=https%3A%2F%2Fwww.web-3-null.de%2Findex.php%2Fgrose-aufregung-um-den-eventuellen-abhohrskandal-bei-der-telekom%2F\" title=\"Bei Facebook teilen\" aria-label=\"Bei Facebook teilen\" role=\"button\" rel=\"nofollow\" class=\"shariff-link\" style=\"; background-color:#3b5998; color:#fff\" target=\"_blank\"><span class=\"shariff-icon\" style=\"\"><svg width=\"32px\" height=\"20px\" xmlns=\"http:\/\/www.w3.org\/2000\/svg\" viewBox=\"0 0 18 32\"><path fill=\"#3b5998\" d=\"M17.1 0.2v4.7h-2.8q-1.5 0-2.1 0.6t-0.5 1.9v3.4h5.2l-0.7 5.3h-4.5v13.6h-5.5v-13.6h-4.5v-5.3h4.5v-3.9q0-3.3 1.9-5.2t5-1.8q2.6 0 4.1 0.2z\"\/><\/svg><\/span><span class=\"shariff-text\">teilen<\/span>&nbsp;<\/a><\/li><li class=\"shariff-button twitter shariff-nocustomcolor\" style=\"background-color:#595959\"><a href=\"https:\/\/twitter.com\/share?url=https%3A%2F%2Fwww.web-3-null.de%2Findex.php%2Fgrose-aufregung-um-den-eventuellen-abhohrskandal-bei-der-telekom%2F&text=Gro%C3%9Fe%20Aufregung%20um%20den%20eventuellen%20Abh%C3%B6rskandal%20bei%20der%20Telekom\" title=\"Bei X teilen\" aria-label=\"Bei X teilen\" role=\"button\" rel=\"noopener nofollow\" class=\"shariff-link\" style=\"; background-color:#000; color:#fff\" target=\"_blank\"><span class=\"shariff-icon\" style=\"\"><svg width=\"32px\" height=\"20px\" xmlns=\"http:\/\/www.w3.org\/2000\/svg\" viewBox=\"0 0 24 24\"><path fill=\"#000\" d=\"M14.258 10.152L23.176 0h-2.113l-7.747 8.813L7.133 0H0l9.352 13.328L0 23.973h2.113l8.176-9.309 6.531 9.309h7.133zm-2.895 3.293l-.949-1.328L2.875 1.56h3.246l6.086 8.523.945 1.328 7.91 11.078h-3.246zm0 0\"\/><\/svg><\/span><span class=\"shariff-text\">teilen<\/span>&nbsp;<\/a><\/li><li class=\"shariff-button whatsapp shariff-nocustomcolor\" style=\"background-color:#5cbe4a\"><a href=\"https:\/\/api.whatsapp.com\/send?text=https%3A%2F%2Fwww.web-3-null.de%2Findex.php%2Fgrose-aufregung-um-den-eventuellen-abhohrskandal-bei-der-telekom%2F%20Gro%C3%9Fe%20Aufregung%20um%20den%20eventuellen%20Abh%C3%B6rskandal%20bei%20der%20Telekom\" title=\"Bei Whatsapp teilen\" aria-label=\"Bei Whatsapp teilen\" role=\"button\" rel=\"noopener nofollow\" class=\"shariff-link\" style=\"; background-color:#34af23; color:#fff\" target=\"_blank\"><span class=\"shariff-icon\" style=\"\"><svg width=\"32px\" height=\"20px\" xmlns=\"http:\/\/www.w3.org\/2000\/svg\" viewBox=\"0 0 32 32\"><path fill=\"#34af23\" d=\"M17.6 17.4q0.2 0 1.7 0.8t1.6 0.9q0 0.1 0 0.3 0 0.6-0.3 1.4-0.3 0.7-1.3 1.2t-1.8 0.5q-1 0-3.4-1.1-1.7-0.8-3-2.1t-2.6-3.3q-1.3-1.9-1.3-3.5v-0.1q0.1-1.6 1.3-2.8 0.4-0.4 0.9-0.4 0.1 0 0.3 0t0.3 0q0.3 0 0.5 0.1t0.3 0.5q0.1 0.4 0.6 1.6t0.4 1.3q0 0.4-0.6 1t-0.6 0.8q0 0.1 0.1 0.3 0.6 1.3 1.8 2.4 1 0.9 2.7 1.8 0.2 0.1 0.4 0.1 0.3 0 1-0.9t0.9-0.9zM14 26.9q2.3 0 4.3-0.9t3.6-2.4 2.4-3.6 0.9-4.3-0.9-4.3-2.4-3.6-3.6-2.4-4.3-0.9-4.3 0.9-3.6 2.4-2.4 3.6-0.9 4.3q0 3.6 2.1 6.6l-1.4 4.2 4.3-1.4q2.8 1.9 6.2 1.9zM14 2.2q2.7 0 5.2 1.1t4.3 2.9 2.9 4.3 1.1 5.2-1.1 5.2-2.9 4.3-4.3 2.9-5.2 1.1q-3.5 0-6.5-1.7l-7.4 2.4 2.4-7.2q-1.9-3.2-1.9-6.9 0-2.7 1.1-5.2t2.9-4.3 4.3-2.9 5.2-1.1z\"\/><\/svg><\/span><span class=\"shariff-text\">teilen<\/span>&nbsp;<\/a><\/li><li class=\"shariff-button linkedin shariff-nocustomcolor\" style=\"background-color:#1488bf\"><a href=\"https:\/\/www.linkedin.com\/sharing\/share-offsite\/?url=https%3A%2F%2Fwww.web-3-null.de%2Findex.php%2Fgrose-aufregung-um-den-eventuellen-abhohrskandal-bei-der-telekom%2F\" title=\"Bei LinkedIn teilen\" aria-label=\"Bei LinkedIn teilen\" role=\"button\" rel=\"noopener nofollow\" class=\"shariff-link\" style=\"; background-color:#0077b5; color:#fff\" target=\"_blank\"><span class=\"shariff-icon\" style=\"\"><svg width=\"32px\" height=\"20px\" xmlns=\"http:\/\/www.w3.org\/2000\/svg\" viewBox=\"0 0 27 32\"><path fill=\"#0077b5\" d=\"M6.2 11.2v17.7h-5.9v-17.7h5.9zM6.6 5.7q0 1.3-0.9 2.2t-2.4 0.9h0q-1.5 0-2.4-0.9t-0.9-2.2 0.9-2.2 2.4-0.9 2.4 0.9 0.9 2.2zM27.4 18.7v10.1h-5.9v-9.5q0-1.9-0.7-2.9t-2.3-1.1q-1.1 0-1.9 0.6t-1.2 1.5q-0.2 0.5-0.2 1.4v9.9h-5.9q0-7.1 0-11.6t0-5.3l0-0.9h5.9v2.6h0q0.4-0.6 0.7-1t1-0.9 1.6-0.8 2-0.3q3 0 4.9 2t1.9 6z\"\/><\/svg><\/span><span class=\"shariff-text\">teilen<\/span>&nbsp;<\/a><\/li><\/ul><\/div>","protected":false},"excerpt":{"rendered":"<p>Ich frage mich nur, wie haben die das im Zweifelsfall hinbekommen? Ok, ein externer Berliner Dienstleister soll die Daten \u00fcber Telefonate von Managern mit Journalisten analysiert haben, also eine Art Abh\u00f6raktion outgesourced&#8230;&#8230;das ist ja mal ein ganz neues Gesch\u00e4ftsmodell ;-). Falls es tats\u00e4chlich einen solchen Skandal gibt, stellt sich die Frage, warum die Telekom das &hellip; <a href=\"https:\/\/www.web-3-null.de\/index.php\/grose-aufregung-um-den-eventuellen-abhohrskandal-bei-der-telekom\/\" class=\"more-link\"><span class=\"screen-reader-text\">\u201eGro\u00dfe Aufregung um den eventuellen Abh\u00f6rskandal bei der Telekom\u201c <\/span>weiterlesen<\/a><\/p>\n","protected":false},"author":2,"featured_media":0,"comment_status":"open","ping_status":"open","sticky":false,"template":"","format":"standard","meta":{"_monsterinsights_skip_tracking":false,"_monsterinsights_sitenote_active":false,"_monsterinsights_sitenote_note":"","_monsterinsights_sitenote_category":0,"footnotes":""},"categories":[1,8],"tags":[],"class_list":["post-481","post","type-post","status-publish","format-standard","hentry","category-allgemein","category-au-backe"],"aioseo_notices":[],"_links":{"self":[{"href":"https:\/\/www.web-3-null.de\/index.php\/wp-json\/wp\/v2\/posts\/481","targetHints":{"allow":["GET"]}}],"collection":[{"href":"https:\/\/www.web-3-null.de\/index.php\/wp-json\/wp\/v2\/posts"}],"about":[{"href":"https:\/\/www.web-3-null.de\/index.php\/wp-json\/wp\/v2\/types\/post"}],"author":[{"embeddable":true,"href":"https:\/\/www.web-3-null.de\/index.php\/wp-json\/wp\/v2\/users\/2"}],"replies":[{"embeddable":true,"href":"https:\/\/www.web-3-null.de\/index.php\/wp-json\/wp\/v2\/comments?post=481"}],"version-history":[{"count":0,"href":"https:\/\/www.web-3-null.de\/index.php\/wp-json\/wp\/v2\/posts\/481\/revisions"}],"wp:attachment":[{"href":"https:\/\/www.web-3-null.de\/index.php\/wp-json\/wp\/v2\/media?parent=481"}],"wp:term":[{"taxonomy":"category","embeddable":true,"href":"https:\/\/www.web-3-null.de\/index.php\/wp-json\/wp\/v2\/categories?post=481"},{"taxonomy":"post_tag","embeddable":true,"href":"https:\/\/www.web-3-null.de\/index.php\/wp-json\/wp\/v2\/tags?post=481"}],"curies":[{"name":"wp","href":"https:\/\/api.w.org\/{rel}","templated":true}]}}