{"id":482,"date":"2008-05-25T16:39:31","date_gmt":"2008-05-25T15:39:31","guid":{"rendered":"http:\/\/www.web-3-null.de\/index.php\/allgemein\/eventuell-auserst-umfangreiche-abhoraktion-bei-der-telekom-schlagt-immer-hohere-wellen.html"},"modified":"2008-05-25T16:40:41","modified_gmt":"2008-05-25T15:40:41","slug":"eventuell-auserst-umfangreiche-abhoraktion-bei-der-telekom-schlagt-immer-hohere-wellen","status":"publish","type":"post","link":"https:\/\/www.web-3-null.de\/index.php\/eventuell-auserst-umfangreiche-abhoraktion-bei-der-telekom-schlagt-immer-hohere-wellen\/","title":{"rendered":"Eventuell \u00e4u\u00dferst umfangreiche Abh\u00f6raktion bei der Telekom schl\u00e4gt immer h\u00f6here Wellen"},"content":{"rendered":"<p>Angriff auf die Pressefreiheit, Versto\u00df gegen diverse Gesetze und ein recht besorgter Aufschrei diverser Nutzer von Internetforen sind die massive Reaktion auf die Vorw\u00fcrfe des Spiegel, wonach die Telekom im erheblichem Umfang rechtswidrig Gespr\u00e4chsdaten von Managern, also eigenem Personal sowie Journalisten und einer Menge normaler Nutzer verglichen haben soll.<\/p>\n<p>Gehen wir mal einige Zeit zur\u00fcck. In die Zeit des Sonnen-, respektive Sommer-K\u00f6nigs. Die Telekom wurde auf B\u00f6rsenkurs gebracht, dem Volk wurden phantastische Gewinnaussichten suggeriert und angeblich \ud83d\ude09 binnen ein paar Monaten milliardenschwere Entscheidungen beispielsweise \u00fcber den Kauf von Voicestream beschlossen. Wow, die m\u00fcssen ja unheimlich f\u00e4hig gewesen sein, komplexe Marktanalysen, daraus resultierende, Wertsteigerungen etc. zu berechnen, Verhandlungen zu f\u00fchren und noch kompetent den Sack zu schlie\u00dfen.<\/p>\n<p>Dann hat es auf dem neuen Markt \u00fcbelst gekracht und sowohl der Aktienkurs der Telekom, wie auch die Beteiligungen gingen auf Talfahrt.<\/p>\n<p>Da ist es doch \u00e4u\u00dferst unsch\u00f6n, wenn kritische Kommentare in der Presse erscheinen, die mit Informationen wahrscheinlich aus Vorstandsebene oder Ebene von Entscheidungsvorbereitern gef\u00fcttert wurden?<\/p>\n<p>Die jetzt vom Spiegel erhobenen Vorw\u00fcrfe erscheinen mir denn auch neben dem f\u00fcr mich sehr, sehr bitteren Beigeschmack von Rechtsbruch und Vertrauensbruch als ein Zeichen absoluter Hilflosigkeit. Wenn bei einem gro\u00dfen Konzern nach eingef\u00fchrtem Quartalsdenken (schon die Manager vor Ricke) meiner Meinung nach der Arsch auf Grundeis geht, greifen sie eben zu allen Mitteln. Moral k\u00f6nnte dann nur so lange tauglich sein, wie sie hilft, die eigene Abfindung zu vergr\u00f6\u00dfern.<\/p>\n<p>Was das \u00fcber die Kultur des Unternehmens zu diesem Zeitpunkt aussagt, m\u00f6ge jeder f\u00fcr sich entscheiden. Ebenso mag jeder denken, wie zuverl\u00e4ssig seine Daten bei unter Druck stehenden Unternehmen aufgehoben sind.<\/p>\n<p>Den Imageschaden, den der bislang untadelige Obermann angesichts dieser Vorw\u00fcrfe jetzt schon reparieren muss, kann man zurzeit weder nach Euros, noch nach Ansicht der Marke beurteilen. Journalisten reagieren aufs Abh\u00f6ren &#8211; das steht noch nicht im Raum &#8211; t\u00f6dlich allergisch, auf vermeintlich illegalen Datenabgleich auch schon sehr aggressiv. Mit Recht, immerhin sorgen einige wenige noch f\u00fcr eine objektive, werbefreie Informationsvermittlung.<\/p>\n<p>Der Spiegel wird an der Sache dran bleiben, wahrscheinlich ebenso andere Medien. Die normalerweise verwendete Methode, einen Blattschuss gegen die Presse einem kleinen Mitarbeiter unterzujubeln, d\u00fcrfte hier mitnichten funktionieren.<\/p>\n<p>Pers\u00f6nlich halte ich Obermann auch f\u00fcr einen lange \u00fcberf\u00e4lligen Manager, der nicht nur mit wahlweise Grinsen, hochgezogenen Augenbrauen oder einem Betroffenheitsgesicht, sondern mit Substanz agiert. Man darf gespannt sein. Die Geschichte ist jetzt schon so \u00f6ffentlich, dass meiner Meinung auch ein krummer Deal mit der Staatsanwaltschaft schwierig wird.<\/p>\n<div class=\"shariff shariff-align-flex-start shariff-widget-align-flex-start\"><ul class=\"shariff-buttons theme-default orientation-horizontal buttonsize-medium\"><li class=\"shariff-button facebook shariff-nocustomcolor\" style=\"background-color:#4273c8\"><a href=\"https:\/\/www.facebook.com\/sharer\/sharer.php?u=https%3A%2F%2Fwww.web-3-null.de%2Findex.php%2Feventuell-auserst-umfangreiche-abhoraktion-bei-der-telekom-schlagt-immer-hohere-wellen%2F\" title=\"Bei Facebook teilen\" aria-label=\"Bei Facebook teilen\" role=\"button\" rel=\"nofollow\" class=\"shariff-link\" style=\"; background-color:#3b5998; color:#fff\" target=\"_blank\"><span class=\"shariff-icon\" style=\"\"><svg width=\"32px\" height=\"20px\" xmlns=\"http:\/\/www.w3.org\/2000\/svg\" viewBox=\"0 0 18 32\"><path fill=\"#3b5998\" d=\"M17.1 0.2v4.7h-2.8q-1.5 0-2.1 0.6t-0.5 1.9v3.4h5.2l-0.7 5.3h-4.5v13.6h-5.5v-13.6h-4.5v-5.3h4.5v-3.9q0-3.3 1.9-5.2t5-1.8q2.6 0 4.1 0.2z\"\/><\/svg><\/span><span class=\"shariff-text\">teilen<\/span>&nbsp;<\/a><\/li><li class=\"shariff-button twitter shariff-nocustomcolor\" style=\"background-color:#595959\"><a href=\"https:\/\/twitter.com\/share?url=https%3A%2F%2Fwww.web-3-null.de%2Findex.php%2Feventuell-auserst-umfangreiche-abhoraktion-bei-der-telekom-schlagt-immer-hohere-wellen%2F&text=Eventuell%20%C3%A4u%C3%9Ferst%20umfangreiche%20Abh%C3%B6raktion%20bei%20der%20Telekom%20schl%C3%A4gt%20immer%20h%C3%B6here%20Wellen\" title=\"Bei X teilen\" aria-label=\"Bei X teilen\" role=\"button\" rel=\"noopener nofollow\" class=\"shariff-link\" style=\"; background-color:#000; color:#fff\" target=\"_blank\"><span class=\"shariff-icon\" style=\"\"><svg width=\"32px\" height=\"20px\" xmlns=\"http:\/\/www.w3.org\/2000\/svg\" viewBox=\"0 0 24 24\"><path fill=\"#000\" d=\"M14.258 10.152L23.176 0h-2.113l-7.747 8.813L7.133 0H0l9.352 13.328L0 23.973h2.113l8.176-9.309 6.531 9.309h7.133zm-2.895 3.293l-.949-1.328L2.875 1.56h3.246l6.086 8.523.945 1.328 7.91 11.078h-3.246zm0 0\"\/><\/svg><\/span><span class=\"shariff-text\">teilen<\/span>&nbsp;<\/a><\/li><li class=\"shariff-button whatsapp shariff-nocustomcolor\" style=\"background-color:#5cbe4a\"><a href=\"https:\/\/api.whatsapp.com\/send?text=https%3A%2F%2Fwww.web-3-null.de%2Findex.php%2Feventuell-auserst-umfangreiche-abhoraktion-bei-der-telekom-schlagt-immer-hohere-wellen%2F%20Eventuell%20%C3%A4u%C3%9Ferst%20umfangreiche%20Abh%C3%B6raktion%20bei%20der%20Telekom%20schl%C3%A4gt%20immer%20h%C3%B6here%20Wellen\" title=\"Bei Whatsapp teilen\" aria-label=\"Bei Whatsapp teilen\" role=\"button\" rel=\"noopener nofollow\" class=\"shariff-link\" style=\"; background-color:#34af23; color:#fff\" target=\"_blank\"><span class=\"shariff-icon\" style=\"\"><svg width=\"32px\" height=\"20px\" xmlns=\"http:\/\/www.w3.org\/2000\/svg\" viewBox=\"0 0 32 32\"><path fill=\"#34af23\" d=\"M17.6 17.4q0.2 0 1.7 0.8t1.6 0.9q0 0.1 0 0.3 0 0.6-0.3 1.4-0.3 0.7-1.3 1.2t-1.8 0.5q-1 0-3.4-1.1-1.7-0.8-3-2.1t-2.6-3.3q-1.3-1.9-1.3-3.5v-0.1q0.1-1.6 1.3-2.8 0.4-0.4 0.9-0.4 0.1 0 0.3 0t0.3 0q0.3 0 0.5 0.1t0.3 0.5q0.1 0.4 0.6 1.6t0.4 1.3q0 0.4-0.6 1t-0.6 0.8q0 0.1 0.1 0.3 0.6 1.3 1.8 2.4 1 0.9 2.7 1.8 0.2 0.1 0.4 0.1 0.3 0 1-0.9t0.9-0.9zM14 26.9q2.3 0 4.3-0.9t3.6-2.4 2.4-3.6 0.9-4.3-0.9-4.3-2.4-3.6-3.6-2.4-4.3-0.9-4.3 0.9-3.6 2.4-2.4 3.6-0.9 4.3q0 3.6 2.1 6.6l-1.4 4.2 4.3-1.4q2.8 1.9 6.2 1.9zM14 2.2q2.7 0 5.2 1.1t4.3 2.9 2.9 4.3 1.1 5.2-1.1 5.2-2.9 4.3-4.3 2.9-5.2 1.1q-3.5 0-6.5-1.7l-7.4 2.4 2.4-7.2q-1.9-3.2-1.9-6.9 0-2.7 1.1-5.2t2.9-4.3 4.3-2.9 5.2-1.1z\"\/><\/svg><\/span><span class=\"shariff-text\">teilen<\/span>&nbsp;<\/a><\/li><li class=\"shariff-button linkedin shariff-nocustomcolor\" style=\"background-color:#1488bf\"><a href=\"https:\/\/www.linkedin.com\/sharing\/share-offsite\/?url=https%3A%2F%2Fwww.web-3-null.de%2Findex.php%2Feventuell-auserst-umfangreiche-abhoraktion-bei-der-telekom-schlagt-immer-hohere-wellen%2F\" title=\"Bei LinkedIn teilen\" aria-label=\"Bei LinkedIn teilen\" role=\"button\" rel=\"noopener nofollow\" class=\"shariff-link\" style=\"; background-color:#0077b5; color:#fff\" target=\"_blank\"><span class=\"shariff-icon\" style=\"\"><svg width=\"32px\" height=\"20px\" xmlns=\"http:\/\/www.w3.org\/2000\/svg\" viewBox=\"0 0 27 32\"><path fill=\"#0077b5\" d=\"M6.2 11.2v17.7h-5.9v-17.7h5.9zM6.6 5.7q0 1.3-0.9 2.2t-2.4 0.9h0q-1.5 0-2.4-0.9t-0.9-2.2 0.9-2.2 2.4-0.9 2.4 0.9 0.9 2.2zM27.4 18.7v10.1h-5.9v-9.5q0-1.9-0.7-2.9t-2.3-1.1q-1.1 0-1.9 0.6t-1.2 1.5q-0.2 0.5-0.2 1.4v9.9h-5.9q0-7.1 0-11.6t0-5.3l0-0.9h5.9v2.6h0q0.4-0.6 0.7-1t1-0.9 1.6-0.8 2-0.3q3 0 4.9 2t1.9 6z\"\/><\/svg><\/span><span class=\"shariff-text\">teilen<\/span>&nbsp;<\/a><\/li><\/ul><\/div>","protected":false},"excerpt":{"rendered":"<p>Angriff auf die Pressefreiheit, Versto\u00df gegen diverse Gesetze und ein recht besorgter Aufschrei diverser Nutzer von Internetforen sind die massive Reaktion auf die Vorw\u00fcrfe des Spiegel, wonach die Telekom im erheblichem Umfang rechtswidrig Gespr\u00e4chsdaten von Managern, also eigenem Personal sowie Journalisten und einer Menge normaler Nutzer verglichen haben soll. Gehen wir mal einige Zeit zur\u00fcck. &hellip; <a href=\"https:\/\/www.web-3-null.de\/index.php\/eventuell-auserst-umfangreiche-abhoraktion-bei-der-telekom-schlagt-immer-hohere-wellen\/\" class=\"more-link\"><span class=\"screen-reader-text\">\u201eEventuell \u00e4u\u00dferst umfangreiche Abh\u00f6raktion bei der Telekom schl\u00e4gt immer h\u00f6here Wellen\u201c <\/span>weiterlesen<\/a><\/p>\n","protected":false},"author":2,"featured_media":0,"comment_status":"open","ping_status":"open","sticky":false,"template":"","format":"standard","meta":{"_monsterinsights_skip_tracking":false,"_monsterinsights_sitenote_active":false,"_monsterinsights_sitenote_note":"","_monsterinsights_sitenote_category":0,"footnotes":""},"categories":[1],"tags":[],"class_list":["post-482","post","type-post","status-publish","format-standard","hentry","category-allgemein"],"aioseo_notices":[],"_links":{"self":[{"href":"https:\/\/www.web-3-null.de\/index.php\/wp-json\/wp\/v2\/posts\/482","targetHints":{"allow":["GET"]}}],"collection":[{"href":"https:\/\/www.web-3-null.de\/index.php\/wp-json\/wp\/v2\/posts"}],"about":[{"href":"https:\/\/www.web-3-null.de\/index.php\/wp-json\/wp\/v2\/types\/post"}],"author":[{"embeddable":true,"href":"https:\/\/www.web-3-null.de\/index.php\/wp-json\/wp\/v2\/users\/2"}],"replies":[{"embeddable":true,"href":"https:\/\/www.web-3-null.de\/index.php\/wp-json\/wp\/v2\/comments?post=482"}],"version-history":[{"count":0,"href":"https:\/\/www.web-3-null.de\/index.php\/wp-json\/wp\/v2\/posts\/482\/revisions"}],"wp:attachment":[{"href":"https:\/\/www.web-3-null.de\/index.php\/wp-json\/wp\/v2\/media?parent=482"}],"wp:term":[{"taxonomy":"category","embeddable":true,"href":"https:\/\/www.web-3-null.de\/index.php\/wp-json\/wp\/v2\/categories?post=482"},{"taxonomy":"post_tag","embeddable":true,"href":"https:\/\/www.web-3-null.de\/index.php\/wp-json\/wp\/v2\/tags?post=482"}],"curies":[{"name":"wp","href":"https:\/\/api.w.org\/{rel}","templated":true}]}}