{"id":485,"date":"2008-06-02T06:57:27","date_gmt":"2008-06-02T05:57:27","guid":{"rendered":"http:\/\/www.web-3-null.de\/index.php\/allgemein\/telekom-affare-wird-nicht-nur-national-wahrgenommen.html"},"modified":"2008-06-02T06:57:27","modified_gmt":"2008-06-02T05:57:27","slug":"telekom-affare-wird-nicht-nur-national-wahrgenommen","status":"publish","type":"post","link":"https:\/\/www.web-3-null.de\/index.php\/telekom-affare-wird-nicht-nur-national-wahrgenommen\/","title":{"rendered":"Telekom Aff\u00e4re wird nicht nur national wahrgenommen"},"content":{"rendered":"<p>Ich war Samstag und Sonntag in den Niederlanden und habe aus Interesse mal die holl\u00e4ndischen und englischen Wochenzeitschriften, respektive deren Wochenendausgaben durchgelesen.<\/p>\n<p>Die gute Telekom wird auch international mit ihrer Aff\u00e4re gut wahrgenommen. So eine drittel Seite oder eine halbe Seite waren eigentlich \u00fcberall drin. Der Tenor ist h\u00f6chst unterschiedlich, von ungl\u00e4ubigem Staunen \u00fcber leichten Sarkasmus bis hin zur sehr differenzierten Berichterstattung.<\/p>\n<p>W\u00e4hrend also hier immer mehr unappetitliche Details ans Tageslicht kommen und die Vorw\u00fcrfe immer knackiger werden, nimmt auch das Ausland sehr deutlich die Entwicklung auf. Das Firmenimage wird meiner Meinung zurzeit nur noch von Obermann und den mittleren und unteren Mitarbeiterschichten aufrecht erhalten.<\/p>\n<p>Nach dem, was jetzt los ist, wird es sowieso erst einmal Strafanzeigen hageln. Gerichtsprozesse sind bekanntlich \u00f6ffentlich. Bin mal gespannt, wie die Staatsanwaltschaft jetzt die Vergleiche von Rufnummernlisten handhaben wird. Wenn tats\u00e4chlich illegale Profile im kolportierten Umfang erstellt wurden, kann es sehr, sehr interessant f\u00fcr die Beteiligten werden.<\/p>\n<p>Auch wenns komisch klingt, wenn man an dieser Stelle der Staatsanwaltschaft einen Tipp gibt: Immer gucken, woher das Geld kommt. Wer war budgetverantwortlich und wer konnte einem Budgetverantwortlichen Weisungen erteilen? Ich sch\u00e4tze mal, da landet man sehr weit oben in der ehemaligen Chefetage.<\/p>\n<div class=\"shariff shariff-align-flex-start shariff-widget-align-flex-start\"><ul class=\"shariff-buttons theme-default orientation-horizontal buttonsize-medium\"><li class=\"shariff-button facebook shariff-nocustomcolor\" style=\"background-color:#4273c8\"><a href=\"https:\/\/www.facebook.com\/sharer\/sharer.php?u=https%3A%2F%2Fwww.web-3-null.de%2Findex.php%2Ftelekom-affare-wird-nicht-nur-national-wahrgenommen%2F\" title=\"Bei Facebook teilen\" aria-label=\"Bei Facebook teilen\" role=\"button\" rel=\"nofollow\" class=\"shariff-link\" style=\"; background-color:#3b5998; color:#fff\" target=\"_blank\"><span class=\"shariff-icon\" style=\"\"><svg width=\"32px\" height=\"20px\" xmlns=\"http:\/\/www.w3.org\/2000\/svg\" viewBox=\"0 0 18 32\"><path fill=\"#3b5998\" d=\"M17.1 0.2v4.7h-2.8q-1.5 0-2.1 0.6t-0.5 1.9v3.4h5.2l-0.7 5.3h-4.5v13.6h-5.5v-13.6h-4.5v-5.3h4.5v-3.9q0-3.3 1.9-5.2t5-1.8q2.6 0 4.1 0.2z\"\/><\/svg><\/span><span class=\"shariff-text\">teilen<\/span>&nbsp;<\/a><\/li><li class=\"shariff-button twitter shariff-nocustomcolor\" style=\"background-color:#595959\"><a href=\"https:\/\/twitter.com\/share?url=https%3A%2F%2Fwww.web-3-null.de%2Findex.php%2Ftelekom-affare-wird-nicht-nur-national-wahrgenommen%2F&text=Telekom%20Aff%C3%A4re%20wird%20nicht%20nur%20national%20wahrgenommen\" title=\"Bei X teilen\" aria-label=\"Bei X teilen\" role=\"button\" rel=\"noopener nofollow\" class=\"shariff-link\" style=\"; background-color:#000; color:#fff\" target=\"_blank\"><span class=\"shariff-icon\" style=\"\"><svg width=\"32px\" height=\"20px\" xmlns=\"http:\/\/www.w3.org\/2000\/svg\" viewBox=\"0 0 24 24\"><path fill=\"#000\" d=\"M14.258 10.152L23.176 0h-2.113l-7.747 8.813L7.133 0H0l9.352 13.328L0 23.973h2.113l8.176-9.309 6.531 9.309h7.133zm-2.895 3.293l-.949-1.328L2.875 1.56h3.246l6.086 8.523.945 1.328 7.91 11.078h-3.246zm0 0\"\/><\/svg><\/span><span class=\"shariff-text\">teilen<\/span>&nbsp;<\/a><\/li><li class=\"shariff-button whatsapp shariff-nocustomcolor\" style=\"background-color:#5cbe4a\"><a href=\"https:\/\/api.whatsapp.com\/send?text=https%3A%2F%2Fwww.web-3-null.de%2Findex.php%2Ftelekom-affare-wird-nicht-nur-national-wahrgenommen%2F%20Telekom%20Aff%C3%A4re%20wird%20nicht%20nur%20national%20wahrgenommen\" title=\"Bei Whatsapp teilen\" aria-label=\"Bei Whatsapp teilen\" role=\"button\" rel=\"noopener nofollow\" class=\"shariff-link\" style=\"; background-color:#34af23; color:#fff\" target=\"_blank\"><span class=\"shariff-icon\" style=\"\"><svg width=\"32px\" height=\"20px\" xmlns=\"http:\/\/www.w3.org\/2000\/svg\" viewBox=\"0 0 32 32\"><path fill=\"#34af23\" d=\"M17.6 17.4q0.2 0 1.7 0.8t1.6 0.9q0 0.1 0 0.3 0 0.6-0.3 1.4-0.3 0.7-1.3 1.2t-1.8 0.5q-1 0-3.4-1.1-1.7-0.8-3-2.1t-2.6-3.3q-1.3-1.9-1.3-3.5v-0.1q0.1-1.6 1.3-2.8 0.4-0.4 0.9-0.4 0.1 0 0.3 0t0.3 0q0.3 0 0.5 0.1t0.3 0.5q0.1 0.4 0.6 1.6t0.4 1.3q0 0.4-0.6 1t-0.6 0.8q0 0.1 0.1 0.3 0.6 1.3 1.8 2.4 1 0.9 2.7 1.8 0.2 0.1 0.4 0.1 0.3 0 1-0.9t0.9-0.9zM14 26.9q2.3 0 4.3-0.9t3.6-2.4 2.4-3.6 0.9-4.3-0.9-4.3-2.4-3.6-3.6-2.4-4.3-0.9-4.3 0.9-3.6 2.4-2.4 3.6-0.9 4.3q0 3.6 2.1 6.6l-1.4 4.2 4.3-1.4q2.8 1.9 6.2 1.9zM14 2.2q2.7 0 5.2 1.1t4.3 2.9 2.9 4.3 1.1 5.2-1.1 5.2-2.9 4.3-4.3 2.9-5.2 1.1q-3.5 0-6.5-1.7l-7.4 2.4 2.4-7.2q-1.9-3.2-1.9-6.9 0-2.7 1.1-5.2t2.9-4.3 4.3-2.9 5.2-1.1z\"\/><\/svg><\/span><span class=\"shariff-text\">teilen<\/span>&nbsp;<\/a><\/li><li class=\"shariff-button linkedin shariff-nocustomcolor\" style=\"background-color:#1488bf\"><a href=\"https:\/\/www.linkedin.com\/sharing\/share-offsite\/?url=https%3A%2F%2Fwww.web-3-null.de%2Findex.php%2Ftelekom-affare-wird-nicht-nur-national-wahrgenommen%2F\" title=\"Bei LinkedIn teilen\" aria-label=\"Bei LinkedIn teilen\" role=\"button\" rel=\"noopener nofollow\" class=\"shariff-link\" style=\"; background-color:#0077b5; color:#fff\" target=\"_blank\"><span class=\"shariff-icon\" style=\"\"><svg width=\"32px\" height=\"20px\" xmlns=\"http:\/\/www.w3.org\/2000\/svg\" viewBox=\"0 0 27 32\"><path fill=\"#0077b5\" d=\"M6.2 11.2v17.7h-5.9v-17.7h5.9zM6.6 5.7q0 1.3-0.9 2.2t-2.4 0.9h0q-1.5 0-2.4-0.9t-0.9-2.2 0.9-2.2 2.4-0.9 2.4 0.9 0.9 2.2zM27.4 18.7v10.1h-5.9v-9.5q0-1.9-0.7-2.9t-2.3-1.1q-1.1 0-1.9 0.6t-1.2 1.5q-0.2 0.5-0.2 1.4v9.9h-5.9q0-7.1 0-11.6t0-5.3l0-0.9h5.9v2.6h0q0.4-0.6 0.7-1t1-0.9 1.6-0.8 2-0.3q3 0 4.9 2t1.9 6z\"\/><\/svg><\/span><span class=\"shariff-text\">teilen<\/span>&nbsp;<\/a><\/li><\/ul><\/div>","protected":false},"excerpt":{"rendered":"<p>Ich war Samstag und Sonntag in den Niederlanden und habe aus Interesse mal die holl\u00e4ndischen und englischen Wochenzeitschriften, respektive deren Wochenendausgaben durchgelesen. Die gute Telekom wird auch international mit ihrer Aff\u00e4re gut wahrgenommen. So eine drittel Seite oder eine halbe Seite waren eigentlich \u00fcberall drin. Der Tenor ist h\u00f6chst unterschiedlich, von ungl\u00e4ubigem Staunen \u00fcber leichten &hellip; <a href=\"https:\/\/www.web-3-null.de\/index.php\/telekom-affare-wird-nicht-nur-national-wahrgenommen\/\" class=\"more-link\"><span class=\"screen-reader-text\">\u201eTelekom Aff\u00e4re wird nicht nur national wahrgenommen\u201c <\/span>weiterlesen<\/a><\/p>\n","protected":false},"author":2,"featured_media":0,"comment_status":"open","ping_status":"open","sticky":false,"template":"","format":"standard","meta":{"_monsterinsights_skip_tracking":false,"_monsterinsights_sitenote_active":false,"_monsterinsights_sitenote_note":"","_monsterinsights_sitenote_category":0,"footnotes":""},"categories":[1],"tags":[],"class_list":["post-485","post","type-post","status-publish","format-standard","hentry","category-allgemein"],"aioseo_notices":[],"_links":{"self":[{"href":"https:\/\/www.web-3-null.de\/index.php\/wp-json\/wp\/v2\/posts\/485","targetHints":{"allow":["GET"]}}],"collection":[{"href":"https:\/\/www.web-3-null.de\/index.php\/wp-json\/wp\/v2\/posts"}],"about":[{"href":"https:\/\/www.web-3-null.de\/index.php\/wp-json\/wp\/v2\/types\/post"}],"author":[{"embeddable":true,"href":"https:\/\/www.web-3-null.de\/index.php\/wp-json\/wp\/v2\/users\/2"}],"replies":[{"embeddable":true,"href":"https:\/\/www.web-3-null.de\/index.php\/wp-json\/wp\/v2\/comments?post=485"}],"version-history":[{"count":0,"href":"https:\/\/www.web-3-null.de\/index.php\/wp-json\/wp\/v2\/posts\/485\/revisions"}],"wp:attachment":[{"href":"https:\/\/www.web-3-null.de\/index.php\/wp-json\/wp\/v2\/media?parent=485"}],"wp:term":[{"taxonomy":"category","embeddable":true,"href":"https:\/\/www.web-3-null.de\/index.php\/wp-json\/wp\/v2\/categories?post=485"},{"taxonomy":"post_tag","embeddable":true,"href":"https:\/\/www.web-3-null.de\/index.php\/wp-json\/wp\/v2\/tags?post=485"}],"curies":[{"name":"wp","href":"https:\/\/api.w.org\/{rel}","templated":true}]}}