{"id":5451,"date":"2018-05-04T19:54:25","date_gmt":"2018-05-04T17:54:25","guid":{"rendered":"https:\/\/www.web-3-null.de\/?p=5451"},"modified":"2018-05-07T15:21:30","modified_gmt":"2018-05-07T13:21:30","slug":"republica-bundeswehr-und-shitstorm","status":"publish","type":"post","link":"https:\/\/www.web-3-null.de\/index.php\/republica-bundeswehr-und-shitstorm\/","title":{"rendered":"re:publica, Bundeswehr und Shitstorm"},"content":{"rendered":"<p>Die Veranstalter der re:publica wollten Informationsblasen abbauen, Netzkultur pflegen. Die Bundeswehr wurde ausgesperrt, weil sie ganz normal in Uniform (wie Polizei oder Feuerwehr) einen Stand betreiben wollte. Schon im letzten Jahr war die Bundeswehr ausgegrenzt, offizielle Begr\u00fcndung war eine versp\u00e4tete Anmeldung.<\/p>\n<p><strong>Informationsfreiheit &#8211; aber bitte nur unsere<\/strong><\/p>\n<p>Wie passt eine Ausgrenzung zur Informationsfreiheit? Zur freien Meinungs\u00e4u\u00dferung? Die vorgeschobene Begr\u00fcndung war, dass man Personalgewinnung durch die Bundeswehr verhindern wollte. Das wiederum darf man sich einmal auf der Zunge zergehen lassen. Die Veranstalter der re:publica m\u00f6chten zensieren, beeinflussen, wer \u00fcberhaupt eventuell Mitarbeiter gewinnen darf. Nat\u00fcrlich ist das schon eine massive politische Einflussnahme. Und zwar ausgerechnet von den Leuten, welche Unabh\u00e4ngigkeit und Offenheit propagieren. F\u00fcr mich pers\u00f6nlich ist das schon reichlich manipulativ, wenn nicht gar verlogen. Auf jeden Fall entlarvt es eine politische Ausrichtung. Was nicht gew\u00fcnscht ist, findet entsprechend auch nicht statt.<\/p>\n<p><strong>Guerilla Marketing<\/strong><\/p>\n<p>Nun, weil die Bundeswehr nicht teilnehmen durfte, fuhr sie einfach mit einem Transporter und einer Plakatwand vor. Eine aus Marketingsicht ziemlich coole Aktion und passende Reaktion auf die Ausladung. Sie verteilte Flyer und bot den Messebesuchern ganz offen Gespr\u00e4che an. Auch wieder falsch. Schwupps emp\u00f6rten sich die Veranstalter der re:publica. Eigentlich haben sie sich dadurch noch weiter in die Ecke der Unglaubw\u00fcrdigkeit man\u00f6vriert.<\/p>\n<p><strong>Shitstorm<\/strong><\/p>\n<p>F\u00fcr genau dieses Vorgehen kassiert die re:publica einen heftigen Shitstorm. Von Bundeswehr \u00fcber Reservisten, von unabh\u00e4ngigen Journalisten bis zu Zeitungswebseiten, von emp\u00f6rten Benutzern bis zu Vertretern echter Meinungsfreiheit hagelt es Kritik. Auf diese Kritik wiederum reagiert die re:publica, selbsternannte Verfechter der Meinungsfreiheit, meines Erachtens extrem d\u00fcnnh\u00e4utig. Warum? Meinungsfreiheit hei\u00dft nicht Bevormundung. Oder doch?<\/p>\n<p><strong>Meinungsgewichtung?<\/strong><\/p>\n<p>Allerdings werden wohl viele Negativkommentare in sozialen Netzen nicht ber\u00fccksichtigt oder ausgeblendet. Offenbar greifen fehlerhafte Mechanismen, welche die Emp\u00f6rung der Benutzer und Leser falsch einordnen. Dabei l\u00e4uft auf allen Kan\u00e4len, au\u00dfer bei eher links einzusch\u00e4tzenden Bl\u00e4ttern, die berechtigte Nachfrage, ob die re:publica sich nicht genau so verh\u00e4lt, was sie am meisten kritisiert. Wenns nicht passt, findets nicht statt. Die Kritik daran scheint unterproportional wiedergegeben zu werden. Upps, haben die sozialen Netze dort eine Schw\u00e4che, k\u00f6nnen sie auch so die politische Wahrnehmung beeinflussen?<\/p>\n<p><strong>Luft rausgelassen<\/strong><\/p>\n<p>Der Protest gegen die Aussperrung der Bundeswehr hat auch Einfluss auf bspw. die Bewertung der Veranstaltung. Bisher war Friede, Freude, Eierkuchen. Man feierte sich gegenseitig. Die \u00f6ffentliche Wahrnehmung war gepr\u00e4gt durch Selbstlob und Multiplikatoren der Teilnehmer. Nun sind viele sauer und haben massiv 1-Sterne Bewertungen (auch ich) auf bspw. Facebook verteilt. Was bislang als so eine Art selbsterkl\u00e4rter Meinungsf\u00fchrerschaft unterwegs war, ist ganz schnell auf den Boden der Tatsachen zur\u00fcckgeholt worden. Die re:publica vertritt eben nicht die Digitalgemeinde sondern nur einen kleinen Teil des Spektrums. Einen kleinen aber bislang sehr \u00f6ffentlichkeitswirksamen Teil. Und das wohl durchaus politisch stark eingef\u00e4rbt. Durch die kritische Berichterstattung in den Medien und auch die Gegenreaktionen verliert die Veranstaltung den selbstproklamierten Glanz und auch ihre oft gef\u00fchlte Meinungsf\u00fchrerschaft. Dies kann durchaus ein Paradebeispiel werden, was Resonanz und tats\u00e4chliche Wirkung oder vermeintliche Interessensvertretung und Mehrheiten im Internet angeht.<\/p>\n<p><strong>Medienecho<\/strong><\/p>\n<p>An der re:publica kann man sehen, wie sich auch das Medienecho um die Messe aufgebaut hat. Verschiedene Medienanstalten bis hin zum Deutschlandradio sind vertreten. Letztere sogar mit einem gl\u00e4sernen Studio in der Halle. Dem Deutschlandradio ist nat\u00fcrlich keine politische Einflussnahme vorzuwerfen, in der Regel sind die Berichte fair. Aber es besteht die Gefahr der Bedeutungserh\u00f6hung f\u00fcr dieses Event. Was eben nicht mehr die reale Bedeutung wiederspiegelt. Einfach mal umschauen. Nehmen wir nur die Veranstaltungen zum Online Marketing. Ein digitaler Wirtschaftsbereich mit sehr genauer Beobachtung bspw. von Verhaltensfl\u00fcssen im Netz (hoch interessant). Da h\u00e4tten wir als gro\u00dfe Konferenzen und Messen die CPX, Tactixx, Bits&#038;Pretzels, SEOkomm, dmexco, SEOday und zig mehr. Mit zig Tausenden Besuchern, alleine die dmexco hat 40.000. Und meistens Internetprofis. Die re:publica meldete 10.000 Besucher. Neben den Messen zum Online Marketing gibts aber noch die CeBIT, jede Menge lokale Angebote, Veranstaltungen f\u00fcr Shopping, Lifestyle, Haustechnik, Bildung, Sicherheit bis hin zur Gamescom f\u00fcr Computerspieler mit ihren 350.000 Besuchern. Somit deckt die re:publica einen deutlich kleineren (und m.E. nicht unbedingt feineren oder kompetenteren) Bereich ab, als es die digitale Welt ausmacht.<\/p>\n<p><strong>Chance verpasst<\/strong><\/p>\n<p>Das Kommando CIR der Bundeswehr d\u00fcrfte einiges zu netzbasierten Angriffen auf Europa und Deutschland sagen k\u00f6nnen. Seien es russische Attacken auf Verfassungsorgane, sei es Datenklau in der Wirtschaft durch China. Das ist Realit\u00e4t im Netz und mit Sicherheit hoch interessant. Auch d\u00fcrfte die Bundeswehr einiges an Informationen zu Fake News oder Propaganda haben, mit denen bspw. Russia Today, Sputnik, Anna News oder auch die Trollarmee Russlands seit langem arbeiten. All so etwas kann zum Abbau von Filterblasen beitragen. Was mir bspw. immer wieder im Netz begegnet, ist die Verteufelung der Nato wegen der Osterweiterung. Dabei kommen immer wieder M\u00e4rchen auf (auch gerne von bspw. linken Politikern oder AfD), das sei alles vertragswidrig. Bl\u00f6dsinn. Die Frage, warum man demokratischen, osteurop\u00e4ischen Staaten zudem die Flucht unter einen Schutzschirm versagen m\u00f6chte, geh\u00f6rt ebenfalls diskutiert.<\/p>\n<p><strong>Heuchel hier, heuchel da<\/strong><\/p>\n<p>Die re:publica l\u00e4sst sich dick bezuschussen. Von Ministerien der Bundesrepublik. Und der EU. Dazu geben noch drei Bundesl\u00e4nder und Medienanstalten Geld. Gleichzeitig warf der Veranstalter, Beckedahl, der Bundeswehr vor, ggf. f\u00fcr einen &#8222;politisch fragw\u00fcrdigen Angriffskrieg im Internet&#8220; zu rekrutieren. Zynisch lie\u00dfe sich sagen: Na hoffentlich erf\u00e4hrt das Bundesinnenministerium davon, dass die Bundeswehr einen Angriffskrieg will und erz\u00e4hlt es schnell der Bundeskanzlerin. So ganz scheint bei den Veranstaltern noch nicht angekommen, dass die Bundeswehr eine Parlamentsarmee ist. Aber Hauptsache dagegen.<\/p>\n<p><strong>Informationsblasen<\/strong><\/p>\n<p>Das offizielle Ziel der re:publica war der Abbau von Informationsblasen. Wenn man aber selbst zensiert und eine politisch genehme Umgebung schafft, baut man genau diese Informationsblasen auf. Gescheitert. Meinungsfreiheit gerne &#8211; so lange es die eigene Meinung ist. Das ist weder demokratisch, noch ehrlich, noch offen.<\/p>\n<div class=\"shariff shariff-align-flex-start shariff-widget-align-flex-start\"><ul class=\"shariff-buttons theme-default orientation-horizontal buttonsize-medium\"><li class=\"shariff-button facebook shariff-nocustomcolor\" style=\"background-color:#4273c8\"><a href=\"https:\/\/www.facebook.com\/sharer\/sharer.php?u=https%3A%2F%2Fwww.web-3-null.de%2Findex.php%2Frepublica-bundeswehr-und-shitstorm%2F\" title=\"Bei Facebook teilen\" aria-label=\"Bei Facebook teilen\" role=\"button\" rel=\"nofollow\" class=\"shariff-link\" style=\"; background-color:#3b5998; color:#fff\" target=\"_blank\"><span class=\"shariff-icon\" style=\"\"><svg width=\"32px\" height=\"20px\" xmlns=\"http:\/\/www.w3.org\/2000\/svg\" viewBox=\"0 0 18 32\"><path fill=\"#3b5998\" d=\"M17.1 0.2v4.7h-2.8q-1.5 0-2.1 0.6t-0.5 1.9v3.4h5.2l-0.7 5.3h-4.5v13.6h-5.5v-13.6h-4.5v-5.3h4.5v-3.9q0-3.3 1.9-5.2t5-1.8q2.6 0 4.1 0.2z\"\/><\/svg><\/span><span class=\"shariff-text\">teilen<\/span>&nbsp;<\/a><\/li><li class=\"shariff-button twitter shariff-nocustomcolor\" style=\"background-color:#595959\"><a href=\"https:\/\/twitter.com\/share?url=https%3A%2F%2Fwww.web-3-null.de%2Findex.php%2Frepublica-bundeswehr-und-shitstorm%2F&text=re%3Apublica%2C%20Bundeswehr%20und%20Shitstorm\" title=\"Bei X teilen\" aria-label=\"Bei X teilen\" role=\"button\" rel=\"noopener nofollow\" class=\"shariff-link\" style=\"; background-color:#000; color:#fff\" target=\"_blank\"><span class=\"shariff-icon\" style=\"\"><svg width=\"32px\" height=\"20px\" xmlns=\"http:\/\/www.w3.org\/2000\/svg\" viewBox=\"0 0 24 24\"><path fill=\"#000\" d=\"M14.258 10.152L23.176 0h-2.113l-7.747 8.813L7.133 0H0l9.352 13.328L0 23.973h2.113l8.176-9.309 6.531 9.309h7.133zm-2.895 3.293l-.949-1.328L2.875 1.56h3.246l6.086 8.523.945 1.328 7.91 11.078h-3.246zm0 0\"\/><\/svg><\/span><span class=\"shariff-text\">teilen<\/span>&nbsp;<\/a><\/li><li class=\"shariff-button whatsapp shariff-nocustomcolor\" style=\"background-color:#5cbe4a\"><a href=\"https:\/\/api.whatsapp.com\/send?text=https%3A%2F%2Fwww.web-3-null.de%2Findex.php%2Frepublica-bundeswehr-und-shitstorm%2F%20re%3Apublica%2C%20Bundeswehr%20und%20Shitstorm\" title=\"Bei Whatsapp teilen\" aria-label=\"Bei Whatsapp teilen\" role=\"button\" rel=\"noopener nofollow\" class=\"shariff-link\" style=\"; background-color:#34af23; color:#fff\" target=\"_blank\"><span class=\"shariff-icon\" style=\"\"><svg width=\"32px\" height=\"20px\" xmlns=\"http:\/\/www.w3.org\/2000\/svg\" viewBox=\"0 0 32 32\"><path fill=\"#34af23\" d=\"M17.6 17.4q0.2 0 1.7 0.8t1.6 0.9q0 0.1 0 0.3 0 0.6-0.3 1.4-0.3 0.7-1.3 1.2t-1.8 0.5q-1 0-3.4-1.1-1.7-0.8-3-2.1t-2.6-3.3q-1.3-1.9-1.3-3.5v-0.1q0.1-1.6 1.3-2.8 0.4-0.4 0.9-0.4 0.1 0 0.3 0t0.3 0q0.3 0 0.5 0.1t0.3 0.5q0.1 0.4 0.6 1.6t0.4 1.3q0 0.4-0.6 1t-0.6 0.8q0 0.1 0.1 0.3 0.6 1.3 1.8 2.4 1 0.9 2.7 1.8 0.2 0.1 0.4 0.1 0.3 0 1-0.9t0.9-0.9zM14 26.9q2.3 0 4.3-0.9t3.6-2.4 2.4-3.6 0.9-4.3-0.9-4.3-2.4-3.6-3.6-2.4-4.3-0.9-4.3 0.9-3.6 2.4-2.4 3.6-0.9 4.3q0 3.6 2.1 6.6l-1.4 4.2 4.3-1.4q2.8 1.9 6.2 1.9zM14 2.2q2.7 0 5.2 1.1t4.3 2.9 2.9 4.3 1.1 5.2-1.1 5.2-2.9 4.3-4.3 2.9-5.2 1.1q-3.5 0-6.5-1.7l-7.4 2.4 2.4-7.2q-1.9-3.2-1.9-6.9 0-2.7 1.1-5.2t2.9-4.3 4.3-2.9 5.2-1.1z\"\/><\/svg><\/span><span class=\"shariff-text\">teilen<\/span>&nbsp;<\/a><\/li><li class=\"shariff-button linkedin shariff-nocustomcolor\" style=\"background-color:#1488bf\"><a href=\"https:\/\/www.linkedin.com\/sharing\/share-offsite\/?url=https%3A%2F%2Fwww.web-3-null.de%2Findex.php%2Frepublica-bundeswehr-und-shitstorm%2F\" title=\"Bei LinkedIn teilen\" aria-label=\"Bei LinkedIn teilen\" role=\"button\" rel=\"noopener nofollow\" class=\"shariff-link\" style=\"; background-color:#0077b5; color:#fff\" target=\"_blank\"><span class=\"shariff-icon\" style=\"\"><svg width=\"32px\" height=\"20px\" xmlns=\"http:\/\/www.w3.org\/2000\/svg\" viewBox=\"0 0 27 32\"><path fill=\"#0077b5\" d=\"M6.2 11.2v17.7h-5.9v-17.7h5.9zM6.6 5.7q0 1.3-0.9 2.2t-2.4 0.9h0q-1.5 0-2.4-0.9t-0.9-2.2 0.9-2.2 2.4-0.9 2.4 0.9 0.9 2.2zM27.4 18.7v10.1h-5.9v-9.5q0-1.9-0.7-2.9t-2.3-1.1q-1.1 0-1.9 0.6t-1.2 1.5q-0.2 0.5-0.2 1.4v9.9h-5.9q0-7.1 0-11.6t0-5.3l0-0.9h5.9v2.6h0q0.4-0.6 0.7-1t1-0.9 1.6-0.8 2-0.3q3 0 4.9 2t1.9 6z\"\/><\/svg><\/span><span class=\"shariff-text\">teilen<\/span>&nbsp;<\/a><\/li><\/ul><\/div>","protected":false},"excerpt":{"rendered":"<p>Die Veranstalter der re:publica wollten Informationsblasen abbauen, Netzkultur pflegen. Die Bundeswehr wurde ausgesperrt, weil sie ganz normal in Uniform (wie Polizei oder Feuerwehr) einen Stand betreiben wollte. Schon im letzten Jahr war die Bundeswehr ausgegrenzt, offizielle Begr\u00fcndung war eine versp\u00e4tete Anmeldung. Informationsfreiheit &#8211; aber bitte nur unsere Wie passt eine Ausgrenzung zur Informationsfreiheit? Zur freien &hellip; <a href=\"https:\/\/www.web-3-null.de\/index.php\/republica-bundeswehr-und-shitstorm\/\" class=\"more-link\"><span class=\"screen-reader-text\">\u201ere:publica, Bundeswehr und Shitstorm\u201c <\/span>weiterlesen<\/a><\/p>\n","protected":false},"author":2,"featured_media":0,"comment_status":"closed","ping_status":"open","sticky":false,"template":"","format":"standard","meta":{"_monsterinsights_skip_tracking":false,"_monsterinsights_sitenote_active":false,"_monsterinsights_sitenote_note":"","_monsterinsights_sitenote_category":0,"footnotes":""},"categories":[1],"tags":[],"class_list":["post-5451","post","type-post","status-publish","format-standard","hentry","category-allgemein"],"aioseo_notices":[],"_links":{"self":[{"href":"https:\/\/www.web-3-null.de\/index.php\/wp-json\/wp\/v2\/posts\/5451","targetHints":{"allow":["GET"]}}],"collection":[{"href":"https:\/\/www.web-3-null.de\/index.php\/wp-json\/wp\/v2\/posts"}],"about":[{"href":"https:\/\/www.web-3-null.de\/index.php\/wp-json\/wp\/v2\/types\/post"}],"author":[{"embeddable":true,"href":"https:\/\/www.web-3-null.de\/index.php\/wp-json\/wp\/v2\/users\/2"}],"replies":[{"embeddable":true,"href":"https:\/\/www.web-3-null.de\/index.php\/wp-json\/wp\/v2\/comments?post=5451"}],"version-history":[{"count":18,"href":"https:\/\/www.web-3-null.de\/index.php\/wp-json\/wp\/v2\/posts\/5451\/revisions"}],"predecessor-version":[{"id":5470,"href":"https:\/\/www.web-3-null.de\/index.php\/wp-json\/wp\/v2\/posts\/5451\/revisions\/5470"}],"wp:attachment":[{"href":"https:\/\/www.web-3-null.de\/index.php\/wp-json\/wp\/v2\/media?parent=5451"}],"wp:term":[{"taxonomy":"category","embeddable":true,"href":"https:\/\/www.web-3-null.de\/index.php\/wp-json\/wp\/v2\/categories?post=5451"},{"taxonomy":"post_tag","embeddable":true,"href":"https:\/\/www.web-3-null.de\/index.php\/wp-json\/wp\/v2\/tags?post=5451"}],"curies":[{"name":"wp","href":"https:\/\/api.w.org\/{rel}","templated":true}]}}