{"id":551,"date":"2008-10-12T11:16:51","date_gmt":"2008-10-12T10:16:51","guid":{"rendered":"http:\/\/www.web-3-null.de\/index.php\/allgemein\/finanzkrise-und-missinformationen.html"},"modified":"2008-10-12T11:16:51","modified_gmt":"2008-10-12T10:16:51","slug":"finanzkrise-und-missinformationen","status":"publish","type":"post","link":"https:\/\/www.web-3-null.de\/index.php\/finanzkrise-und-missinformationen\/","title":{"rendered":"Finanzkrise und Missinformationen"},"content":{"rendered":"<p>Wie \u00fcblich reagiert die Onlinewelt schnell, wenn irgendwo neue M\u00e4rkte entstehen. Das tun sie gerade offensichtlich bei Insolvenzen, rechtsanwaltlichem Vorgehen gegen optimistische Firmeninformationen sowie Umschichtung der Verm\u00f6gensstruktur in sichere Werte<\/p>\n<p>In Adsense hagelt es Werbeeinblendungen f\u00fcr Rechtsanw\u00e4lte. In den Medien sind Anw\u00e4lte zu sehen, die sich sehr genau die Bilanzen und Ver\u00f6ffentlichungen der Banker ansehen wollen. In der Tat sind dort reichlich Bet\u00e4tigungsfelder. Nehmen wir einmal die Pressemitteilungen der Hypo Real Estate aus dem Jahr 2007. Da hei\u00dft es am 07.11. aus dem Munde des ehemaligen Chefs Funke: &#8222;Hypo Real Estate geht aus j\u00fcngster Marktkrise gest\u00e4rkt hervor&#8220;. Au\u00dferdem wurde ver\u00f6ffentlicht, dass die Zuf\u00fchrung zur Kreditrisikovorsorge verringert wurde als angebliches Zeichen einer verbesserten Portfolioqualit\u00e4t.<\/p>\n<p>Kann ja stimmen, dann muss die Portfolioqualit\u00e4t anstelle bescheiden vorher unterirdisch gewesen sein ;-).<\/p>\n<p>Genau solche \u00c4u\u00dferungen machen das Misstrauen der Banken untereinander immer gr\u00f6\u00dfer. Die gegenseitig vermuteten Leichen in den Bilanzen reduzieren die Bereitschaft f\u00fcr kurzfristige Darlehen.<\/p>\n<p>Wir erinnern uns. Die IKB sollte mit 1-2 Milliarden gerettet sein. Es wurden 9,2 und ein Riesenreinfall f\u00fcr den Steuerzahler. Danke, Herr Steinbr\u00fcck. Die s\u00e4chsische Landesbank hatte kleine Probleme, es wurde ein Kollaps. Auch steuerfinanziert. Nochmals danke. Zu Beginn der Krise vor 2 Jahren hatte keine Bank irgendwelche Probleme. Jetzt taucht eine Milliarde hier, eine geplatzte Beteiligung dort auf. Die Hypo Real Estate hat doch glatt eine L\u00fccke von niedlichen 20 Milliarden \u00fcbersehen, kann ja mal passieren.<\/p>\n<p>Die Financial Times berichtet \u00fcber ein angebliches Schreiben der Bafin an die Bundesregierung, das genau diese Missinformationen beinhalten soll. Die Hypo Real Estate dementiert und bezichtigt die Financial Times der fehlerhaften Berichterstattung. Na, dann soll die HRE doch mal gegen die Financial Times klagen. Sp\u00e4testens dann wird die Wahrheit herauskommen. Ob die HRE tats\u00e4chlich rechtliche Schritte einleitet, wird zeigen, ob sie entweder nur von Peinlichkeiten ablenken m\u00f6chte oder eine berechtigte Richtigstellung erfolgen muss. Man darf gespannt sein.<\/p>\n<p>Zurzeit informieren unabh\u00e4ngige Journalisten sowie kleine, gute Banken genauer und in vielen F\u00e4llen meiner Meinung nach auch kompetenter als Politiker. In Sachen Glaubw\u00fcrdigkeit ist aber meines Ermessens noch eine niedrigere Stufe erreicht, als l\u00fcgende Politiker. Und das sind f\u00fcr mich viele Vorst\u00e4nde, Aufsichtsr\u00e4te, Berater, Analysten und Wirtschaftspr\u00fcfer.<\/p>\n<p>Womit wir wieder beim Vertrauen w\u00e4ren. Das, was diese Gestalten jetzt massiv einfordern, haben sie selbst gr\u00fcndlich und nachhaltig zerst\u00f6rt. Wie war das noch mal mit den Ackermannschen 25% Rendite?<br \/>\nUnd hier wird es sehr viele F\u00e4lle von Haftung geben, bei denen sich Anleger und Anw\u00e4lte durch Bilanzen und Presseinformationen w\u00fchlen. Dabei wird es Fragen auch nach den Wirtschaftspr\u00fcfern und Consultants geben.<\/p>\n<p>Die Wahrheit \u00fcber Inkompetenz und T\u00e4uschung wird etwas brauchen, aber sie wird kommen.<\/p>\n<div class=\"shariff shariff-align-flex-start shariff-widget-align-flex-start\"><ul class=\"shariff-buttons theme-default orientation-horizontal buttonsize-medium\"><li class=\"shariff-button facebook shariff-nocustomcolor\" style=\"background-color:#4273c8\"><a href=\"https:\/\/www.facebook.com\/sharer\/sharer.php?u=https%3A%2F%2Fwww.web-3-null.de%2Findex.php%2Ffinanzkrise-und-missinformationen%2F\" title=\"Bei Facebook teilen\" aria-label=\"Bei Facebook teilen\" role=\"button\" rel=\"nofollow\" class=\"shariff-link\" style=\"; background-color:#3b5998; color:#fff\" target=\"_blank\"><span class=\"shariff-icon\" style=\"\"><svg width=\"32px\" height=\"20px\" xmlns=\"http:\/\/www.w3.org\/2000\/svg\" viewBox=\"0 0 18 32\"><path fill=\"#3b5998\" d=\"M17.1 0.2v4.7h-2.8q-1.5 0-2.1 0.6t-0.5 1.9v3.4h5.2l-0.7 5.3h-4.5v13.6h-5.5v-13.6h-4.5v-5.3h4.5v-3.9q0-3.3 1.9-5.2t5-1.8q2.6 0 4.1 0.2z\"\/><\/svg><\/span><span class=\"shariff-text\">teilen<\/span>&nbsp;<\/a><\/li><li class=\"shariff-button twitter shariff-nocustomcolor\" style=\"background-color:#595959\"><a href=\"https:\/\/twitter.com\/share?url=https%3A%2F%2Fwww.web-3-null.de%2Findex.php%2Ffinanzkrise-und-missinformationen%2F&text=Finanzkrise%20und%20Missinformationen\" title=\"Bei X teilen\" aria-label=\"Bei X teilen\" role=\"button\" rel=\"noopener nofollow\" class=\"shariff-link\" style=\"; background-color:#000; color:#fff\" target=\"_blank\"><span class=\"shariff-icon\" style=\"\"><svg width=\"32px\" height=\"20px\" xmlns=\"http:\/\/www.w3.org\/2000\/svg\" viewBox=\"0 0 24 24\"><path fill=\"#000\" d=\"M14.258 10.152L23.176 0h-2.113l-7.747 8.813L7.133 0H0l9.352 13.328L0 23.973h2.113l8.176-9.309 6.531 9.309h7.133zm-2.895 3.293l-.949-1.328L2.875 1.56h3.246l6.086 8.523.945 1.328 7.91 11.078h-3.246zm0 0\"\/><\/svg><\/span><span class=\"shariff-text\">teilen<\/span>&nbsp;<\/a><\/li><li class=\"shariff-button whatsapp shariff-nocustomcolor\" style=\"background-color:#5cbe4a\"><a href=\"https:\/\/api.whatsapp.com\/send?text=https%3A%2F%2Fwww.web-3-null.de%2Findex.php%2Ffinanzkrise-und-missinformationen%2F%20Finanzkrise%20und%20Missinformationen\" title=\"Bei Whatsapp teilen\" aria-label=\"Bei Whatsapp teilen\" role=\"button\" rel=\"noopener nofollow\" class=\"shariff-link\" style=\"; background-color:#34af23; color:#fff\" target=\"_blank\"><span class=\"shariff-icon\" style=\"\"><svg width=\"32px\" height=\"20px\" xmlns=\"http:\/\/www.w3.org\/2000\/svg\" viewBox=\"0 0 32 32\"><path fill=\"#34af23\" d=\"M17.6 17.4q0.2 0 1.7 0.8t1.6 0.9q0 0.1 0 0.3 0 0.6-0.3 1.4-0.3 0.7-1.3 1.2t-1.8 0.5q-1 0-3.4-1.1-1.7-0.8-3-2.1t-2.6-3.3q-1.3-1.9-1.3-3.5v-0.1q0.1-1.6 1.3-2.8 0.4-0.4 0.9-0.4 0.1 0 0.3 0t0.3 0q0.3 0 0.5 0.1t0.3 0.5q0.1 0.4 0.6 1.6t0.4 1.3q0 0.4-0.6 1t-0.6 0.8q0 0.1 0.1 0.3 0.6 1.3 1.8 2.4 1 0.9 2.7 1.8 0.2 0.1 0.4 0.1 0.3 0 1-0.9t0.9-0.9zM14 26.9q2.3 0 4.3-0.9t3.6-2.4 2.4-3.6 0.9-4.3-0.9-4.3-2.4-3.6-3.6-2.4-4.3-0.9-4.3 0.9-3.6 2.4-2.4 3.6-0.9 4.3q0 3.6 2.1 6.6l-1.4 4.2 4.3-1.4q2.8 1.9 6.2 1.9zM14 2.2q2.7 0 5.2 1.1t4.3 2.9 2.9 4.3 1.1 5.2-1.1 5.2-2.9 4.3-4.3 2.9-5.2 1.1q-3.5 0-6.5-1.7l-7.4 2.4 2.4-7.2q-1.9-3.2-1.9-6.9 0-2.7 1.1-5.2t2.9-4.3 4.3-2.9 5.2-1.1z\"\/><\/svg><\/span><span class=\"shariff-text\">teilen<\/span>&nbsp;<\/a><\/li><li class=\"shariff-button linkedin shariff-nocustomcolor\" style=\"background-color:#1488bf\"><a href=\"https:\/\/www.linkedin.com\/sharing\/share-offsite\/?url=https%3A%2F%2Fwww.web-3-null.de%2Findex.php%2Ffinanzkrise-und-missinformationen%2F\" title=\"Bei LinkedIn teilen\" aria-label=\"Bei LinkedIn teilen\" role=\"button\" rel=\"noopener nofollow\" class=\"shariff-link\" style=\"; background-color:#0077b5; color:#fff\" target=\"_blank\"><span class=\"shariff-icon\" style=\"\"><svg width=\"32px\" height=\"20px\" xmlns=\"http:\/\/www.w3.org\/2000\/svg\" viewBox=\"0 0 27 32\"><path fill=\"#0077b5\" d=\"M6.2 11.2v17.7h-5.9v-17.7h5.9zM6.6 5.7q0 1.3-0.9 2.2t-2.4 0.9h0q-1.5 0-2.4-0.9t-0.9-2.2 0.9-2.2 2.4-0.9 2.4 0.9 0.9 2.2zM27.4 18.7v10.1h-5.9v-9.5q0-1.9-0.7-2.9t-2.3-1.1q-1.1 0-1.9 0.6t-1.2 1.5q-0.2 0.5-0.2 1.4v9.9h-5.9q0-7.1 0-11.6t0-5.3l0-0.9h5.9v2.6h0q0.4-0.6 0.7-1t1-0.9 1.6-0.8 2-0.3q3 0 4.9 2t1.9 6z\"\/><\/svg><\/span><span class=\"shariff-text\">teilen<\/span>&nbsp;<\/a><\/li><\/ul><\/div>","protected":false},"excerpt":{"rendered":"<p>Wie \u00fcblich reagiert die Onlinewelt schnell, wenn irgendwo neue M\u00e4rkte entstehen. Das tun sie gerade offensichtlich bei Insolvenzen, rechtsanwaltlichem Vorgehen gegen optimistische Firmeninformationen sowie Umschichtung der Verm\u00f6gensstruktur in sichere Werte In Adsense hagelt es Werbeeinblendungen f\u00fcr Rechtsanw\u00e4lte. In den Medien sind Anw\u00e4lte zu sehen, die sich sehr genau die Bilanzen und Ver\u00f6ffentlichungen der Banker ansehen &hellip; <a href=\"https:\/\/www.web-3-null.de\/index.php\/finanzkrise-und-missinformationen\/\" class=\"more-link\"><span class=\"screen-reader-text\">\u201eFinanzkrise und Missinformationen\u201c <\/span>weiterlesen<\/a><\/p>\n","protected":false},"author":2,"featured_media":0,"comment_status":"open","ping_status":"open","sticky":false,"template":"","format":"standard","meta":{"_monsterinsights_skip_tracking":false,"_monsterinsights_sitenote_active":false,"_monsterinsights_sitenote_note":"","_monsterinsights_sitenote_category":0,"footnotes":""},"categories":[1,10],"tags":[],"class_list":["post-551","post","type-post","status-publish","format-standard","hentry","category-allgemein","category-hauptstadtstudio"],"aioseo_notices":[],"_links":{"self":[{"href":"https:\/\/www.web-3-null.de\/index.php\/wp-json\/wp\/v2\/posts\/551","targetHints":{"allow":["GET"]}}],"collection":[{"href":"https:\/\/www.web-3-null.de\/index.php\/wp-json\/wp\/v2\/posts"}],"about":[{"href":"https:\/\/www.web-3-null.de\/index.php\/wp-json\/wp\/v2\/types\/post"}],"author":[{"embeddable":true,"href":"https:\/\/www.web-3-null.de\/index.php\/wp-json\/wp\/v2\/users\/2"}],"replies":[{"embeddable":true,"href":"https:\/\/www.web-3-null.de\/index.php\/wp-json\/wp\/v2\/comments?post=551"}],"version-history":[{"count":0,"href":"https:\/\/www.web-3-null.de\/index.php\/wp-json\/wp\/v2\/posts\/551\/revisions"}],"wp:attachment":[{"href":"https:\/\/www.web-3-null.de\/index.php\/wp-json\/wp\/v2\/media?parent=551"}],"wp:term":[{"taxonomy":"category","embeddable":true,"href":"https:\/\/www.web-3-null.de\/index.php\/wp-json\/wp\/v2\/categories?post=551"},{"taxonomy":"post_tag","embeddable":true,"href":"https:\/\/www.web-3-null.de\/index.php\/wp-json\/wp\/v2\/tags?post=551"}],"curies":[{"name":"wp","href":"https:\/\/api.w.org\/{rel}","templated":true}]}}